{"id":2186,"date":"2019-11-02T16:15:31","date_gmt":"2019-11-02T15:15:31","guid":{"rendered":"https:\/\/espace-chirurgie.ch\/blog\/24-10-2019-eroeffnungsfeier-standort-biel\/"},"modified":"2025-01-20T16:09:26","modified_gmt":"2025-01-20T15:09:26","slug":"24-10-2019-eroeffnungsfeier-standort-biel","status":"publish","type":"post","link":"https:\/\/espace-chirurgie.ch\/fr\/blog\/24-10-2019-eroeffnungsfeier-standort-biel\/","title":{"rendered":"24.10.2019 : Inauguration du site de Bienne"},"content":{"rendered":"\n<p>Apr\u00e8s quelques jours pluvieux, la m\u00e9t\u00e9o le jour de l&rsquo;ouverture n&rsquo;\u00e9tait certes pas au beau fixe, mais nous n&rsquo;avons pas \u00e9t\u00e9 mouill\u00e9s. Et nous \u00e9tions tout de m\u00eame heureux de pouvoir nous rassembler autour d&rsquo;un verre dans la tente de r\u00e9ception install\u00e9e sur le pr\u00e9 devant le cabinet, \u00e0 l&rsquo;abri du vent. L&rsquo;\u00e9quipe entourant le chef de cuisine de la clinique Linde, Reinhold Karl, a r\u00e9gal\u00e9 nos invit\u00e9s avec la finesse des plats qu&rsquo;elle avait pr\u00e9par\u00e9s. Les visites du cabinet ont, elles-aussi, donn\u00e9 lieu \u00e0 d&rsquo;innombrables occasions de parler de sujets int\u00e9ressants. Les invit\u00e9s \u00e9tant tr\u00e8s nombreux, il y a eu beaucoup d&rsquo;affluence dans les couloirs. De nombreux confr\u00e8res\/cons\u0153urs m\u00e9decins, amis, connaissances et membres de la famille mais aussi des collaborateurs de la clinique Linde de m\u00eame que des habitants du quartier nous ont fait l&rsquo;honneur d&rsquo;une visite. Et nous profitons de cette occasion pour les remercier chaleureusement pour tous leurs g\u00e9n\u00e9reux cadeaux.&nbsp;<\/p>\n\n\n\n<p>Toute cette effervescence nous a presque fait oublier de prendre quelques photos \u2013 un bon signe \u00e0 vrai dire.<\/p>\n\n\n\n<figure class=\"wp-block-image\"><img loading=\"lazy\" decoding=\"async\" width=\"1024\" height=\"768\" sizes=\"auto, (max-width: 1024px) 100vw, 1024px\" src=\"https:\/\/espace-chirurgie.ch\/wp-content\/uploads\/2019\/11\/Zelt-1024x768.png\" alt=\"\" class=\"wp-image-1382\" srcset=\"https:\/\/espace-chirurgie.ch\/wp-content\/uploads\/2019\/11\/Zelt.png 1024w, https:\/\/espace-chirurgie.ch\/wp-content\/uploads\/2019\/11\/Zelt-300x225.png 300w, https:\/\/espace-chirurgie.ch\/wp-content\/uploads\/2019\/11\/Zelt-768x576.png 768w\" \/><figcaption class=\"wp-element-caption\">Installation de la tente la veille au soir.<\/figcaption><\/figure>\n\n\n\n<figure class=\"wp-block-image\"><img decoding=\"async\" sizes=\"(max-width: 2030px) 100vw, 2030px\" src=\"https:\/\/espace-chirurgie.ch\/wp-content\/uploads\/2019\/11\/Zelt-mit-G\u00e4sten-1024x768.jpg\" alt=\"\" class=\"wp-image-1380\"\/><figcaption class=\"wp-element-caption\">Les premiers invit\u00e9s sont arriv\u00e9s.<\/figcaption><\/figure>\n\n\n\n<figure class=\"wp-block-image\"><img loading=\"lazy\" decoding=\"async\" width=\"1024\" height=\"768\" sizes=\"auto, (max-width: 2030px) 100vw, 2030px\" src=\"https:\/\/espace-chirurgie.ch\/wp-content\/uploads\/2019\/11\/Andreas-Sabine-Sara-Empfang-1024x768.jpg\" alt=\"\" class=\"wp-image-1376\" srcset=\"https:\/\/espace-chirurgie.ch\/wp-content\/uploads\/2019\/11\/Andreas-Sabine-Sara-Empfang-1024x768.jpg 1024w, https:\/\/espace-chirurgie.ch\/wp-content\/uploads\/2019\/11\/Andreas-Sabine-Sara-Empfang-300x225.jpg 300w, https:\/\/espace-chirurgie.ch\/wp-content\/uploads\/2019\/11\/Andreas-Sabine-Sara-Empfang-768x576.jpg 768w, https:\/\/espace-chirurgie.ch\/wp-content\/uploads\/2019\/11\/Andreas-Sabine-Sara-Empfang.jpg 2030w\" \/><\/figure>\n\n\n\n<figure class=\"wp-block-image\"><img loading=\"lazy\" decoding=\"async\" width=\"768\" height=\"1024\" sizes=\"auto, (max-width: 1522px) 100vw, 1522px\" src=\"https:\/\/espace-chirurgie.ch\/wp-content\/uploads\/2019\/11\/Prof.-Ch.-Maurer-und-Christof-Buser-768x1024.jpg\" alt=\"\" class=\"wp-image-1378\" srcset=\"https:\/\/espace-chirurgie.ch\/wp-content\/uploads\/2019\/11\/Prof.-Ch.-Maurer-und-Christof-Buser-768x1024.jpg 768w, https:\/\/espace-chirurgie.ch\/wp-content\/uploads\/2019\/11\/Prof.-Ch.-Maurer-und-Christof-Buser-225x300.jpg 225w, https:\/\/espace-chirurgie.ch\/wp-content\/uploads\/2019\/11\/Prof.-Ch.-Maurer-und-Christof-Buser.jpg 1522w\" \/><figcaption class=\"wp-element-caption\">Dr Christof Buser en pleine discussion avec des confr\u00e8res m\u00e9decins.<\/figcaption><\/figure>\n","protected":false},"excerpt":{"rendered":"<p>Apr\u00e8s quelques jours pluvieux, la m\u00e9t\u00e9o le jour de l&rsquo;ouverture n&rsquo;\u00e9tait certes pas au beau&#8230;<\/p>\n","protected":false},"author":6,"featured_media":1234,"comment_status":"closed","ping_status":"closed","sticky":false,"template":"","format":"standard","meta":{"_acf_changed":false,"footnotes":""},"class_list":["post-2186","post","type-post","status-publish","format-standard","has-post-thumbnail","hentry"],"acf":[],"yoast_head":"<!-- This site is optimized with the Yoast SEO plugin v27.4 - https:\/\/yoast.com\/product\/yoast-seo-wordpress\/ -->\n<title>24.10.2019 : Inauguration du site de Bienne &#8211; Espace Chirurgie<\/title>\n<meta name=\"robots\" content=\"index, follow, max-snippet:-1, max-image-preview:large, max-video-preview:-1\" \/>\n<link rel=\"canonical\" href=\"https:\/\/espace-chirurgie.ch\/fr\/blog\/24-10-2019-eroeffnungsfeier-standort-biel\/\" \/>\n<meta property=\"og:locale\" content=\"fr_FR\" \/>\n<meta property=\"og:type\" content=\"article\" \/>\n<meta property=\"og:title\" content=\"24.10.2019 : Inauguration du site de Bienne &#8211; Espace Chirurgie\" \/>\n<meta property=\"og:description\" content=\"Apr\u00e8s quelques jours pluvieux, la m\u00e9t\u00e9o le jour de l&rsquo;ouverture n&rsquo;\u00e9tait certes pas au beau...\" \/>\n<meta property=\"og:url\" content=\"https:\/\/espace-chirurgie.ch\/fr\/blog\/24-10-2019-eroeffnungsfeier-standort-biel\/\" \/>\n<meta property=\"og:site_name\" content=\"Espace Chirurgie\" \/>\n<meta property=\"article:publisher\" content=\"https:\/\/www.facebook.com\/espacechirurgie\" \/>\n<meta property=\"article:published_time\" content=\"2019-11-02T15:15:31+00:00\" \/>\n<meta property=\"article:modified_time\" content=\"2025-01-20T15:09:26+00:00\" \/>\n<meta property=\"og:image\" content=\"https:\/\/espace-chirurgie.ch\/wp-content\/uploads\/2019\/10\/Biel_01.jpg\" \/>\n\t<meta property=\"og:image:width\" content=\"1400\" \/>\n\t<meta property=\"og:image:height\" content=\"1030\" \/>\n\t<meta property=\"og:image:type\" content=\"image\/jpeg\" \/>\n<meta name=\"author\" content=\"Christof Buser\" \/>\n<meta name=\"twitter:card\" content=\"summary_large_image\" \/>\n<meta name=\"twitter:label1\" content=\"\u00c9crit par\" \/>\n\t<meta name=\"twitter:data1\" content=\"Christof Buser\" \/>\n\t<meta name=\"twitter:label2\" content=\"Dur\u00e9e de lecture estim\u00e9e\" \/>\n\t<meta name=\"twitter:data2\" content=\"3 minutes\" \/>\n<script type=\"application\/ld+json\" class=\"yoast-schema-graph\">{\"@context\":\"https:\\\/\\\/schema.org\",\"@graph\":[{\"@type\":\"Article\",\"@id\":\"https:\\\/\\\/espace-chirurgie.ch\\\/fr\\\/blog\\\/24-10-2019-eroeffnungsfeier-standort-biel\\\/#article\",\"isPartOf\":{\"@id\":\"https:\\\/\\\/espace-chirurgie.ch\\\/fr\\\/blog\\\/24-10-2019-eroeffnungsfeier-standort-biel\\\/\"},\"author\":{\"name\":\"Christof Buser\",\"@id\":\"https:\\\/\\\/espace-chirurgie.ch\\\/fr\\\/#\\\/schema\\\/person\\\/decd9b5918135c2169ce5c233389d90c\"},\"headline\":\"24.10.2019 : Inauguration du site de Bienne\",\"datePublished\":\"2019-11-02T15:15:31+00:00\",\"dateModified\":\"2025-01-20T15:09:26+00:00\",\"mainEntityOfPage\":{\"@id\":\"https:\\\/\\\/espace-chirurgie.ch\\\/fr\\\/blog\\\/24-10-2019-eroeffnungsfeier-standort-biel\\\/\"},\"wordCount\":233,\"publisher\":{\"@id\":\"https:\\\/\\\/espace-chirurgie.ch\\\/fr\\\/#organization\"},\"image\":{\"@id\":\"https:\\\/\\\/espace-chirurgie.ch\\\/fr\\\/blog\\\/24-10-2019-eroeffnungsfeier-standort-biel\\\/#primaryimage\"},\"thumbnailUrl\":\"https:\\\/\\\/espace-chirurgie.ch\\\/wp-content\\\/uploads\\\/2019\\\/10\\\/Biel_01.jpg\",\"inLanguage\":\"fr-FR\"},{\"@type\":\"WebPage\",\"@id\":\"https:\\\/\\\/espace-chirurgie.ch\\\/fr\\\/blog\\\/24-10-2019-eroeffnungsfeier-standort-biel\\\/\",\"url\":\"https:\\\/\\\/espace-chirurgie.ch\\\/fr\\\/blog\\\/24-10-2019-eroeffnungsfeier-standort-biel\\\/\",\"name\":\"24.10.2019 : Inauguration du site de Bienne &#8211; Espace Chirurgie\",\"isPartOf\":{\"@id\":\"https:\\\/\\\/espace-chirurgie.ch\\\/fr\\\/#website\"},\"primaryImageOfPage\":{\"@id\":\"https:\\\/\\\/espace-chirurgie.ch\\\/fr\\\/blog\\\/24-10-2019-eroeffnungsfeier-standort-biel\\\/#primaryimage\"},\"image\":{\"@id\":\"https:\\\/\\\/espace-chirurgie.ch\\\/fr\\\/blog\\\/24-10-2019-eroeffnungsfeier-standort-biel\\\/#primaryimage\"},\"thumbnailUrl\":\"https:\\\/\\\/espace-chirurgie.ch\\\/wp-content\\\/uploads\\\/2019\\\/10\\\/Biel_01.jpg\",\"datePublished\":\"2019-11-02T15:15:31+00:00\",\"dateModified\":\"2025-01-20T15:09:26+00:00\",\"breadcrumb\":{\"@id\":\"https:\\\/\\\/espace-chirurgie.ch\\\/fr\\\/blog\\\/24-10-2019-eroeffnungsfeier-standort-biel\\\/#breadcrumb\"},\"inLanguage\":\"fr-FR\",\"potentialAction\":[{\"@type\":\"ReadAction\",\"target\":[\"https:\\\/\\\/espace-chirurgie.ch\\\/fr\\\/blog\\\/24-10-2019-eroeffnungsfeier-standort-biel\\\/\"]}]},{\"@type\":\"ImageObject\",\"inLanguage\":\"fr-FR\",\"@id\":\"https:\\\/\\\/espace-chirurgie.ch\\\/fr\\\/blog\\\/24-10-2019-eroeffnungsfeier-standort-biel\\\/#primaryimage\",\"url\":\"https:\\\/\\\/espace-chirurgie.ch\\\/wp-content\\\/uploads\\\/2019\\\/10\\\/Biel_01.jpg\",\"contentUrl\":\"https:\\\/\\\/espace-chirurgie.ch\\\/wp-content\\\/uploads\\\/2019\\\/10\\\/Biel_01.jpg\",\"width\":1400,\"height\":1030,\"caption\":\"Haus auf dem Hirslanden Klinik LInde Areal in Biel, wo die Praxis der Espace Chirurgie ihren Sitz hat\"},{\"@type\":\"BreadcrumbList\",\"@id\":\"https:\\\/\\\/espace-chirurgie.ch\\\/fr\\\/blog\\\/24-10-2019-eroeffnungsfeier-standort-biel\\\/#breadcrumb\",\"itemListElement\":[{\"@type\":\"ListItem\",\"position\":1,\"name\":\"Startseite\",\"item\":\"https:\\\/\\\/espace-chirurgie.ch\\\/fr\\\/\"},{\"@type\":\"ListItem\",\"position\":2,\"name\":\"24.10.2019 : Inauguration du site de Bienne\"}]},{\"@type\":\"WebSite\",\"@id\":\"https:\\\/\\\/espace-chirurgie.ch\\\/fr\\\/#website\",\"url\":\"https:\\\/\\\/espace-chirurgie.ch\\\/fr\\\/\",\"name\":\"Espace Chirurgie\",\"description\":\"Zentrum mit modernster und qualitativ hochwertiger chirurgischer Behandlung.\",\"publisher\":{\"@id\":\"https:\\\/\\\/espace-chirurgie.ch\\\/fr\\\/#organization\"},\"potentialAction\":[{\"@type\":\"SearchAction\",\"target\":{\"@type\":\"EntryPoint\",\"urlTemplate\":\"https:\\\/\\\/espace-chirurgie.ch\\\/fr\\\/?s={search_term_string}\"},\"query-input\":{\"@type\":\"PropertyValueSpecification\",\"valueRequired\":true,\"valueName\":\"search_term_string\"}}],\"inLanguage\":\"fr-FR\"},{\"@type\":\"Organization\",\"@id\":\"https:\\\/\\\/espace-chirurgie.ch\\\/fr\\\/#organization\",\"name\":\"Espace Chirurgie\",\"url\":\"https:\\\/\\\/espace-chirurgie.ch\\\/fr\\\/\",\"logo\":{\"@type\":\"ImageObject\",\"inLanguage\":\"fr-FR\",\"@id\":\"https:\\\/\\\/espace-chirurgie.ch\\\/fr\\\/#\\\/schema\\\/logo\\\/image\\\/\",\"url\":\"https:\\\/\\\/espace-chirurgie.ch\\\/wp-content\\\/uploads\\\/2019\\\/06\\\/espace-chirurgie-logo.svg\",\"contentUrl\":\"https:\\\/\\\/espace-chirurgie.ch\\\/wp-content\\\/uploads\\\/2019\\\/06\\\/espace-chirurgie-logo.svg\",\"width\":403,\"height\":86,\"caption\":\"Espace Chirurgie\"},\"image\":{\"@id\":\"https:\\\/\\\/espace-chirurgie.ch\\\/fr\\\/#\\\/schema\\\/logo\\\/image\\\/\"},\"sameAs\":[\"https:\\\/\\\/www.facebook.com\\\/espacechirurgie\",\"https:\\\/\\\/www.linkedin.com\\\/company\\\/espace-chirurgie\\\/\"]},{\"@type\":\"Person\",\"@id\":\"https:\\\/\\\/espace-chirurgie.ch\\\/fr\\\/#\\\/schema\\\/person\\\/decd9b5918135c2169ce5c233389d90c\",\"name\":\"Christof Buser\",\"image\":{\"@type\":\"ImageObject\",\"inLanguage\":\"fr-FR\",\"@id\":\"https:\\\/\\\/secure.gravatar.com\\\/avatar\\\/7af89cb5ba1d99b8ad2a0dc5e8ae1112f078fe997d75c6276d496280b67faf2a?s=96&d=mm&r=g\",\"url\":\"https:\\\/\\\/secure.gravatar.com\\\/avatar\\\/7af89cb5ba1d99b8ad2a0dc5e8ae1112f078fe997d75c6276d496280b67faf2a?s=96&d=mm&r=g\",\"contentUrl\":\"https:\\\/\\\/secure.gravatar.com\\\/avatar\\\/7af89cb5ba1d99b8ad2a0dc5e8ae1112f078fe997d75c6276d496280b67faf2a?s=96&d=mm&r=g\",\"caption\":\"Christof Buser\"},\"url\":\"https:\\\/\\\/espace-chirurgie.ch\\\/fr\\\/blog\\\/author\\\/christofbuser\\\/\"}]}<\/script>\n<!-- \/ Yoast SEO plugin. -->","yoast_head_json":{"title":"24.10.2019 : Inauguration du site de Bienne &#8211; Espace Chirurgie","robots":{"index":"index","follow":"follow","max-snippet":"max-snippet:-1","max-image-preview":"max-image-preview:large","max-video-preview":"max-video-preview:-1"},"canonical":"https:\/\/espace-chirurgie.ch\/fr\/blog\/24-10-2019-eroeffnungsfeier-standort-biel\/","og_locale":"fr_FR","og_type":"article","og_title":"24.10.2019 : Inauguration du site de Bienne &#8211; Espace Chirurgie","og_description":"Apr\u00e8s quelques jours pluvieux, la m\u00e9t\u00e9o le jour de l&rsquo;ouverture n&rsquo;\u00e9tait certes pas au beau...","og_url":"https:\/\/espace-chirurgie.ch\/fr\/blog\/24-10-2019-eroeffnungsfeier-standort-biel\/","og_site_name":"Espace Chirurgie","article_publisher":"https:\/\/www.facebook.com\/espacechirurgie","article_published_time":"2019-11-02T15:15:31+00:00","article_modified_time":"2025-01-20T15:09:26+00:00","og_image":[{"width":1400,"height":1030,"url":"https:\/\/espace-chirurgie.ch\/wp-content\/uploads\/2019\/10\/Biel_01.jpg","type":"image\/jpeg"}],"author":"Christof Buser","twitter_card":"summary_large_image","twitter_misc":{"\u00c9crit par":"Christof Buser","Dur\u00e9e de lecture estim\u00e9e":"3 minutes"},"schema":{"@context":"https:\/\/schema.org","@graph":[{"@type":"Article","@id":"https:\/\/espace-chirurgie.ch\/fr\/blog\/24-10-2019-eroeffnungsfeier-standort-biel\/#article","isPartOf":{"@id":"https:\/\/espace-chirurgie.ch\/fr\/blog\/24-10-2019-eroeffnungsfeier-standort-biel\/"},"author":{"name":"Christof Buser","@id":"https:\/\/espace-chirurgie.ch\/fr\/#\/schema\/person\/decd9b5918135c2169ce5c233389d90c"},"headline":"24.10.2019 : Inauguration du site de Bienne","datePublished":"2019-11-02T15:15:31+00:00","dateModified":"2025-01-20T15:09:26+00:00","mainEntityOfPage":{"@id":"https:\/\/espace-chirurgie.ch\/fr\/blog\/24-10-2019-eroeffnungsfeier-standort-biel\/"},"wordCount":233,"publisher":{"@id":"https:\/\/espace-chirurgie.ch\/fr\/#organization"},"image":{"@id":"https:\/\/espace-chirurgie.ch\/fr\/blog\/24-10-2019-eroeffnungsfeier-standort-biel\/#primaryimage"},"thumbnailUrl":"https:\/\/espace-chirurgie.ch\/wp-content\/uploads\/2019\/10\/Biel_01.jpg","inLanguage":"fr-FR"},{"@type":"WebPage","@id":"https:\/\/espace-chirurgie.ch\/fr\/blog\/24-10-2019-eroeffnungsfeier-standort-biel\/","url":"https:\/\/espace-chirurgie.ch\/fr\/blog\/24-10-2019-eroeffnungsfeier-standort-biel\/","name":"24.10.2019 : Inauguration du site de Bienne &#8211; Espace Chirurgie","isPartOf":{"@id":"https:\/\/espace-chirurgie.ch\/fr\/#website"},"primaryImageOfPage":{"@id":"https:\/\/espace-chirurgie.ch\/fr\/blog\/24-10-2019-eroeffnungsfeier-standort-biel\/#primaryimage"},"image":{"@id":"https:\/\/espace-chirurgie.ch\/fr\/blog\/24-10-2019-eroeffnungsfeier-standort-biel\/#primaryimage"},"thumbnailUrl":"https:\/\/espace-chirurgie.ch\/wp-content\/uploads\/2019\/10\/Biel_01.jpg","datePublished":"2019-11-02T15:15:31+00:00","dateModified":"2025-01-20T15:09:26+00:00","breadcrumb":{"@id":"https:\/\/espace-chirurgie.ch\/fr\/blog\/24-10-2019-eroeffnungsfeier-standort-biel\/#breadcrumb"},"inLanguage":"fr-FR","potentialAction":[{"@type":"ReadAction","target":["https:\/\/espace-chirurgie.ch\/fr\/blog\/24-10-2019-eroeffnungsfeier-standort-biel\/"]}]},{"@type":"ImageObject","inLanguage":"fr-FR","@id":"https:\/\/espace-chirurgie.ch\/fr\/blog\/24-10-2019-eroeffnungsfeier-standort-biel\/#primaryimage","url":"https:\/\/espace-chirurgie.ch\/wp-content\/uploads\/2019\/10\/Biel_01.jpg","contentUrl":"https:\/\/espace-chirurgie.ch\/wp-content\/uploads\/2019\/10\/Biel_01.jpg","width":1400,"height":1030,"caption":"Haus auf dem Hirslanden Klinik LInde Areal in Biel, wo die Praxis der Espace Chirurgie ihren Sitz hat"},{"@type":"BreadcrumbList","@id":"https:\/\/espace-chirurgie.ch\/fr\/blog\/24-10-2019-eroeffnungsfeier-standort-biel\/#breadcrumb","itemListElement":[{"@type":"ListItem","position":1,"name":"Startseite","item":"https:\/\/espace-chirurgie.ch\/fr\/"},{"@type":"ListItem","position":2,"name":"24.10.2019 : Inauguration du site de Bienne"}]},{"@type":"WebSite","@id":"https:\/\/espace-chirurgie.ch\/fr\/#website","url":"https:\/\/espace-chirurgie.ch\/fr\/","name":"Espace Chirurgie","description":"Zentrum mit modernster und qualitativ hochwertiger chirurgischer Behandlung.","publisher":{"@id":"https:\/\/espace-chirurgie.ch\/fr\/#organization"},"potentialAction":[{"@type":"SearchAction","target":{"@type":"EntryPoint","urlTemplate":"https:\/\/espace-chirurgie.ch\/fr\/?s={search_term_string}"},"query-input":{"@type":"PropertyValueSpecification","valueRequired":true,"valueName":"search_term_string"}}],"inLanguage":"fr-FR"},{"@type":"Organization","@id":"https:\/\/espace-chirurgie.ch\/fr\/#organization","name":"Espace Chirurgie","url":"https:\/\/espace-chirurgie.ch\/fr\/","logo":{"@type":"ImageObject","inLanguage":"fr-FR","@id":"https:\/\/espace-chirurgie.ch\/fr\/#\/schema\/logo\/image\/","url":"https:\/\/espace-chirurgie.ch\/wp-content\/uploads\/2019\/06\/espace-chirurgie-logo.svg","contentUrl":"https:\/\/espace-chirurgie.ch\/wp-content\/uploads\/2019\/06\/espace-chirurgie-logo.svg","width":403,"height":86,"caption":"Espace Chirurgie"},"image":{"@id":"https:\/\/espace-chirurgie.ch\/fr\/#\/schema\/logo\/image\/"},"sameAs":["https:\/\/www.facebook.com\/espacechirurgie","https:\/\/www.linkedin.com\/company\/espace-chirurgie\/"]},{"@type":"Person","@id":"https:\/\/espace-chirurgie.ch\/fr\/#\/schema\/person\/decd9b5918135c2169ce5c233389d90c","name":"Christof Buser","image":{"@type":"ImageObject","inLanguage":"fr-FR","@id":"https:\/\/secure.gravatar.com\/avatar\/7af89cb5ba1d99b8ad2a0dc5e8ae1112f078fe997d75c6276d496280b67faf2a?s=96&d=mm&r=g","url":"https:\/\/secure.gravatar.com\/avatar\/7af89cb5ba1d99b8ad2a0dc5e8ae1112f078fe997d75c6276d496280b67faf2a?s=96&d=mm&r=g","contentUrl":"https:\/\/secure.gravatar.com\/avatar\/7af89cb5ba1d99b8ad2a0dc5e8ae1112f078fe997d75c6276d496280b67faf2a?s=96&d=mm&r=g","caption":"Christof Buser"},"url":"https:\/\/espace-chirurgie.ch\/fr\/blog\/author\/christofbuser\/"}]}},"_links":{"self":[{"href":"https:\/\/espace-chirurgie.ch\/fr\/wp-json\/wp\/v2\/posts\/2186","targetHints":{"allow":["GET"]}}],"collection":[{"href":"https:\/\/espace-chirurgie.ch\/fr\/wp-json\/wp\/v2\/posts"}],"about":[{"href":"https:\/\/espace-chirurgie.ch\/fr\/wp-json\/wp\/v2\/types\/post"}],"author":[{"embeddable":true,"href":"https:\/\/espace-chirurgie.ch\/fr\/wp-json\/wp\/v2\/users\/6"}],"replies":[{"embeddable":true,"href":"https:\/\/espace-chirurgie.ch\/fr\/wp-json\/wp\/v2\/comments?post=2186"}],"version-history":[{"count":2,"href":"https:\/\/espace-chirurgie.ch\/fr\/wp-json\/wp\/v2\/posts\/2186\/revisions"}],"predecessor-version":[{"id":3326,"href":"https:\/\/espace-chirurgie.ch\/fr\/wp-json\/wp\/v2\/posts\/2186\/revisions\/3326"}],"wp:featuredmedia":[{"embeddable":true,"href":"https:\/\/espace-chirurgie.ch\/fr\/wp-json\/wp\/v2\/media\/1234"}],"wp:attachment":[{"href":"https:\/\/espace-chirurgie.ch\/fr\/wp-json\/wp\/v2\/media?parent=2186"}],"curies":[{"name":"wp","href":"https:\/\/api.w.org\/{rel}","templated":true}]}}