{"id":2685,"date":"2022-05-04T16:25:04","date_gmt":"2022-05-04T14:25:04","guid":{"rendered":"https:\/\/espace-chirurgie.ch\/?p=2685"},"modified":"2026-01-08T08:29:54","modified_gmt":"2026-01-08T07:29:54","slug":"nos-chiffres-de-2021","status":"publish","type":"post","link":"https:\/\/espace-chirurgie.ch\/fr\/blog\/nos-chiffres-de-2021\/","title":{"rendered":"Nos chiffres de 2021"},"content":{"rendered":"\n<p>News du centre de bariatrie de l&rsquo;Espace Chirurgie.<\/p>\n\n\n\n<p><strong>Le centre multidisciplinaire de bariatrie<\/strong>, dirig\u00e9 par le Dr Andr\u00e9 Witschi et le Dr Christof Buser, propose une \u00e9valuation compl\u00e8te, des soins conservateurs et op\u00e9ratoires ainsi qu&rsquo;un suivi \u00e0 long terme des patients souffrant de surpoids pathologique.&nbsp;<\/p>\n\n\n\n<p>L&rsquo;\u00e9valuation, le traitement et le suivi sont adapt\u00e9s aux besoins et demandes individuels des patients et en concertation avec les m\u00e9decins qui les ont orient\u00e9s vers notre centre.&nbsp;&nbsp;<\/p>\n\n\n\n<p><strong>Le traitement est un traitement holistique incluant toutes les options th\u00e9rapeutiques op\u00e9ratoires et conservatrices pertinentes<\/strong>.<\/p>\n\n\n\n<p><strong>Ce sont au total 323 patients qui ont \u00e9t\u00e9 orient\u00e9s vers le Centre de bariatrie en 2021 afin de recevoir un traitement de leur surpoids<\/strong>:<\/p>\n\n\n\n<ul class=\"wp-block-list\">\n<li>Un traitement conservateur a \u00e9t\u00e9 appliqu\u00e9 \u00e0 <strong>164 (51 %)<\/strong> d&rsquo;entre eux (143 avec du Saxenda, 16 avec un ballon gastrique et 5 avec de l&rsquo;Ozempic).<\/li>\n<\/ul>\n\n\n\n<ul class=\"wp-block-list\">\n<li>Chez <strong>63 (20 %)<\/strong> d&rsquo;entre eux nous avons constat\u00e9 qu&rsquo;une op\u00e9ration \u00e9tait indiqu\u00e9e (39 sleeve gastrectomies et pose de 24 bypass gastriques).<\/li>\n<\/ul>\n\n\n\n<ul class=\"wp-block-list\">\n<li>Pour <strong>62 (19 %)<\/strong> des patients la question d&rsquo;une op\u00e9ration ou d&rsquo;un traitement conservateur est encore en discussion. (Actuellement pour 44 d&rsquo;entre eux nous penchons plut\u00f4t pour une op\u00e9ration et pour 18 plut\u00f4t pour un traitement conservateur).\u00a0<\/li>\n<\/ul>\n\n\n\n<ul class=\"wp-block-list\">\n<li><strong>19 (6 %)<\/strong> ont d\u00e9cid\u00e9 de ne pas commencer de traitement apr\u00e8s la premi\u00e8re consultation<\/li>\n\n\n\n<li><strong>13 (4 %)<\/strong> nous ont \u00e9t\u00e9 envoy\u00e9s pour diff\u00e9rentes raisons par un autre centre pour des\u00a0soins de suite.\u00a0<\/li>\n<\/ul>\n\n\n\n<p><strong>Tableau : statistiques 2021, centre interdisciplinaire de bariatrie, Espace Chirurgie<\/strong><\/p>\n\n\n\n<div class=\"wp-block-columns is-layout-flex wp-container-core-columns-is-layout-9d6595d7 wp-block-columns-is-layout-flex\">\n<div class=\"wp-block-column is-layout-flow wp-block-column-is-layout-flow\" style=\"flex-basis:100%\">\n<figure class=\"wp-block-table is-style-stripes\"><table><tbody><tr><td>&nbsp;<\/td><td>&nbsp;<\/td><td>N<\/td><td>%<\/td><\/tr><tr><td><strong>Total personnes orient\u00e9es vers le centre (2021)<\/strong><strong><\/strong><\/td><td><strong>323<\/strong><strong><\/strong><\/td><td><strong>100 %<\/strong><strong><\/strong><\/td><\/tr><tr><td>Ann\u00e9e de naissance des patients (r\u00e9partition)<\/td><td>&nbsp;<\/td><td>1946 &#8211; 2005<\/td><td>&nbsp;<\/td><\/tr><tr><td>Age (ans, r\u00e9partition)<\/td><td>&nbsp;<\/td><td>16 \u00e0 75<\/td><td>&nbsp;<\/td><\/tr><tr><td><strong>&nbsp;<\/strong><strong>Traitement<\/strong><strong><\/strong><\/td><td>&nbsp;<\/td><td>&nbsp;<\/td><td>&nbsp;<\/td><\/tr><tr><td><strong>Traitement conservateur<\/strong><strong><\/strong><\/td><td><strong>Total<\/strong><\/td><td><strong>164<\/strong><strong><\/strong><\/td><td><strong>51 %<\/strong><strong><\/strong><\/td><\/tr><tr><td>M\u00e9thode<\/td><td>Saxenda<\/td><td>143<\/td><td>&nbsp;<\/td><\/tr><tr><td>&nbsp;<\/td><td>Ballon gastrique<\/td><td>16<\/td><td>&nbsp;<\/td><\/tr><tr><td>&nbsp;<\/td><td>Ozempic<\/td><td>5<\/td><td>&nbsp;<\/td><\/tr><tr><td>&nbsp;<\/td><td>&nbsp;<\/td><td>&nbsp;<\/td><td>&nbsp;<\/td><\/tr><tr><td><strong>Traitement op\u00e9ratoire<\/strong><strong><\/strong><\/td><td><strong>Total&nbsp;<\/strong><strong><\/strong><\/td><td><strong>63<\/strong><strong><\/strong><\/td><td><strong>20 %<\/strong><strong><\/strong><\/td><\/tr><tr><td>M\u00e9thode<\/td><td>Sleeve<\/td><td>39<\/td><td>&nbsp;<\/td><\/tr><tr><td>&nbsp;<\/td><td>Bypass<\/td><td>24<\/td><td>&nbsp;<\/td><\/tr><tr><td>&nbsp;<\/td><td>&nbsp;<\/td><td>&nbsp;<\/td><td>&nbsp;<\/td><\/tr><tr><td><strong>Encore en discussion<\/strong><strong><\/strong><\/td><td><strong>Total<\/strong><strong><\/strong><\/td><td><strong>62<\/strong><strong><\/strong><\/td><td><strong>19 %<\/strong><strong><\/strong><\/td><\/tr><tr><td>M\u00e9thode pr\u00e9vue<\/td><td>OP<\/td><td>44<\/td><td>&nbsp;<\/td><\/tr><tr><td>&nbsp;<\/td><td>Saxenda<\/td><td>17<\/td><td>&nbsp;<\/td><\/tr><tr><td>&nbsp;<\/td><td>Ballon gastrique<\/td><td>1<\/td><td>&nbsp;<\/td><\/tr><tr><td>Consultation termin\u00e9e; mais pas d&rsquo;int\u00e9r\u00eat pour la poursuite d&rsquo;un traitement<\/td><td>&nbsp;<\/td><td><strong>&nbsp;<\/strong><strong>19<\/strong><strong><\/strong><\/td><td><strong>&nbsp;<\/strong><strong>6 %<\/strong><strong><\/strong><\/td><\/tr><tr><td>Prise en charge du traitement d&rsquo;autres centres;&nbsp;<strong>uniquement soins de suite<\/strong><\/td><td>&nbsp;<\/td><td><strong>&nbsp;<\/strong><strong>15<\/strong><strong><\/strong><\/td><td><strong>&nbsp;<\/strong><strong>4 %<\/strong><strong><\/strong><\/td><\/tr><\/tbody><\/table><\/figure>\n<\/div>\n<\/div>\n\n\n\n<figure class=\"wp-block-image size-full is-style-default\"><img loading=\"lazy\" decoding=\"async\" width=\"2560\" height=\"1707\" sizes=\"auto, (max-width: 2560px) 100vw, 2560px\" src=\"https:\/\/espace-chirurgie.ch\/wp-content\/uploads\/2022\/05\/shutterstock_1549708925-1-scaled.jpg\" alt=\"\" class=\"wp-image-2683\" srcset=\"https:\/\/espace-chirurgie.ch\/wp-content\/uploads\/2022\/05\/shutterstock_1549708925-1-scaled.jpg 2560w, https:\/\/espace-chirurgie.ch\/wp-content\/uploads\/2022\/05\/shutterstock_1549708925-1-300x200.jpg 300w, https:\/\/espace-chirurgie.ch\/wp-content\/uploads\/2022\/05\/shutterstock_1549708925-1-1024x683.jpg 1024w, https:\/\/espace-chirurgie.ch\/wp-content\/uploads\/2022\/05\/shutterstock_1549708925-1-768x512.jpg 768w\" \/><figcaption class=\"wp-element-caption\">Des soins conservateurs et op\u00e9ratoires pour la perte du poids<\/figcaption><\/figure>\n","protected":false},"excerpt":{"rendered":"<p>News du centre de bariatrie de l&rsquo;Espace Chirurgie. Le centre multidisciplinaire de bariatrie, dirig\u00e9 par&#8230;<\/p>\n","protected":false},"author":8,"featured_media":2678,"comment_status":"closed","ping_status":"closed","sticky":false,"template":"","format":"standard","meta":{"_acf_changed":false,"footnotes":""},"class_list":["post-2685","post","type-post","status-publish","format-standard","has-post-thumbnail","hentry"],"acf":[],"yoast_head":"<!-- This site is optimized with the Yoast SEO plugin v27.4 - https:\/\/yoast.com\/product\/yoast-seo-wordpress\/ -->\n<title>Nos chiffres de 2021 &#8211; Espace Chirurgie<\/title>\n<meta name=\"robots\" content=\"index, follow, max-snippet:-1, max-image-preview:large, max-video-preview:-1\" \/>\n<link rel=\"canonical\" href=\"https:\/\/espace-chirurgie.ch\/fr\/blog\/nos-chiffres-de-2021\/\" \/>\n<meta property=\"og:locale\" content=\"fr_FR\" \/>\n<meta property=\"og:type\" content=\"article\" \/>\n<meta property=\"og:title\" content=\"Nos chiffres de 2021 &#8211; Espace Chirurgie\" \/>\n<meta property=\"og:description\" content=\"News du centre de bariatrie de l&rsquo;Espace Chirurgie. Le centre multidisciplinaire de bariatrie, dirig\u00e9 par...\" \/>\n<meta property=\"og:url\" content=\"https:\/\/espace-chirurgie.ch\/fr\/blog\/nos-chiffres-de-2021\/\" \/>\n<meta property=\"og:site_name\" content=\"Espace Chirurgie\" \/>\n<meta property=\"article:publisher\" content=\"https:\/\/www.facebook.com\/espacechirurgie\" \/>\n<meta property=\"article:published_time\" content=\"2022-05-04T14:25:04+00:00\" \/>\n<meta property=\"article:modified_time\" content=\"2026-01-08T07:29:54+00:00\" \/>\n<meta property=\"og:image\" content=\"https:\/\/espace-chirurgie.ch\/wp-content\/uploads\/2022\/05\/shutterstock_666692917-scaled.jpg\" \/>\n\t<meta property=\"og:image:width\" content=\"2560\" \/>\n\t<meta property=\"og:image:height\" content=\"1703\" \/>\n\t<meta property=\"og:image:type\" content=\"image\/jpeg\" \/>\n<meta name=\"author\" content=\"Andr\u00e9 Witschi\" \/>\n<meta name=\"twitter:card\" content=\"summary_large_image\" \/>\n<meta name=\"twitter:label1\" content=\"\u00c9crit par\" \/>\n\t<meta name=\"twitter:data1\" content=\"Andr\u00e9 Witschi\" \/>\n\t<meta name=\"twitter:label2\" content=\"Dur\u00e9e de lecture estim\u00e9e\" \/>\n\t<meta name=\"twitter:data2\" content=\"3 minutes\" \/>\n<script type=\"application\/ld+json\" class=\"yoast-schema-graph\">{\"@context\":\"https:\\\/\\\/schema.org\",\"@graph\":[{\"@type\":\"Article\",\"@id\":\"https:\\\/\\\/espace-chirurgie.ch\\\/fr\\\/blog\\\/nos-chiffres-de-2021\\\/#article\",\"isPartOf\":{\"@id\":\"https:\\\/\\\/espace-chirurgie.ch\\\/fr\\\/blog\\\/nos-chiffres-de-2021\\\/\"},\"author\":{\"name\":\"Andr\u00e9 Witschi\",\"@id\":\"https:\\\/\\\/espace-chirurgie.ch\\\/fr\\\/#\\\/schema\\\/person\\\/031e6343d436c60d8c0c78602b5ab1aa\"},\"headline\":\"Nos chiffres de 2021\",\"datePublished\":\"2022-05-04T14:25:04+00:00\",\"dateModified\":\"2026-01-08T07:29:54+00:00\",\"mainEntityOfPage\":{\"@id\":\"https:\\\/\\\/espace-chirurgie.ch\\\/fr\\\/blog\\\/nos-chiffres-de-2021\\\/\"},\"wordCount\":377,\"publisher\":{\"@id\":\"https:\\\/\\\/espace-chirurgie.ch\\\/fr\\\/#organization\"},\"image\":{\"@id\":\"https:\\\/\\\/espace-chirurgie.ch\\\/fr\\\/blog\\\/nos-chiffres-de-2021\\\/#primaryimage\"},\"thumbnailUrl\":\"https:\\\/\\\/espace-chirurgie.ch\\\/wp-content\\\/uploads\\\/2022\\\/05\\\/shutterstock_666692917-scaled.jpg\",\"inLanguage\":\"fr-FR\"},{\"@type\":\"WebPage\",\"@id\":\"https:\\\/\\\/espace-chirurgie.ch\\\/fr\\\/blog\\\/nos-chiffres-de-2021\\\/\",\"url\":\"https:\\\/\\\/espace-chirurgie.ch\\\/fr\\\/blog\\\/nos-chiffres-de-2021\\\/\",\"name\":\"Nos chiffres de 2021 &#8211; Espace Chirurgie\",\"isPartOf\":{\"@id\":\"https:\\\/\\\/espace-chirurgie.ch\\\/fr\\\/#website\"},\"primaryImageOfPage\":{\"@id\":\"https:\\\/\\\/espace-chirurgie.ch\\\/fr\\\/blog\\\/nos-chiffres-de-2021\\\/#primaryimage\"},\"image\":{\"@id\":\"https:\\\/\\\/espace-chirurgie.ch\\\/fr\\\/blog\\\/nos-chiffres-de-2021\\\/#primaryimage\"},\"thumbnailUrl\":\"https:\\\/\\\/espace-chirurgie.ch\\\/wp-content\\\/uploads\\\/2022\\\/05\\\/shutterstock_666692917-scaled.jpg\",\"datePublished\":\"2022-05-04T14:25:04+00:00\",\"dateModified\":\"2026-01-08T07:29:54+00:00\",\"breadcrumb\":{\"@id\":\"https:\\\/\\\/espace-chirurgie.ch\\\/fr\\\/blog\\\/nos-chiffres-de-2021\\\/#breadcrumb\"},\"inLanguage\":\"fr-FR\",\"potentialAction\":[{\"@type\":\"ReadAction\",\"target\":[\"https:\\\/\\\/espace-chirurgie.ch\\\/fr\\\/blog\\\/nos-chiffres-de-2021\\\/\"]}]},{\"@type\":\"ImageObject\",\"inLanguage\":\"fr-FR\",\"@id\":\"https:\\\/\\\/espace-chirurgie.ch\\\/fr\\\/blog\\\/nos-chiffres-de-2021\\\/#primaryimage\",\"url\":\"https:\\\/\\\/espace-chirurgie.ch\\\/wp-content\\\/uploads\\\/2022\\\/05\\\/shutterstock_666692917-scaled.jpg\",\"contentUrl\":\"https:\\\/\\\/espace-chirurgie.ch\\\/wp-content\\\/uploads\\\/2022\\\/05\\\/shutterstock_666692917-scaled.jpg\",\"width\":2560,\"height\":1703},{\"@type\":\"BreadcrumbList\",\"@id\":\"https:\\\/\\\/espace-chirurgie.ch\\\/fr\\\/blog\\\/nos-chiffres-de-2021\\\/#breadcrumb\",\"itemListElement\":[{\"@type\":\"ListItem\",\"position\":1,\"name\":\"Startseite\",\"item\":\"https:\\\/\\\/espace-chirurgie.ch\\\/fr\\\/\"},{\"@type\":\"ListItem\",\"position\":2,\"name\":\"Nos chiffres de 2021\"}]},{\"@type\":\"WebSite\",\"@id\":\"https:\\\/\\\/espace-chirurgie.ch\\\/fr\\\/#website\",\"url\":\"https:\\\/\\\/espace-chirurgie.ch\\\/fr\\\/\",\"name\":\"Espace Chirurgie\",\"description\":\"Zentrum mit modernster und qualitativ hochwertiger chirurgischer Behandlung.\",\"publisher\":{\"@id\":\"https:\\\/\\\/espace-chirurgie.ch\\\/fr\\\/#organization\"},\"potentialAction\":[{\"@type\":\"SearchAction\",\"target\":{\"@type\":\"EntryPoint\",\"urlTemplate\":\"https:\\\/\\\/espace-chirurgie.ch\\\/fr\\\/?s={search_term_string}\"},\"query-input\":{\"@type\":\"PropertyValueSpecification\",\"valueRequired\":true,\"valueName\":\"search_term_string\"}}],\"inLanguage\":\"fr-FR\"},{\"@type\":\"Organization\",\"@id\":\"https:\\\/\\\/espace-chirurgie.ch\\\/fr\\\/#organization\",\"name\":\"Espace Chirurgie\",\"url\":\"https:\\\/\\\/espace-chirurgie.ch\\\/fr\\\/\",\"logo\":{\"@type\":\"ImageObject\",\"inLanguage\":\"fr-FR\",\"@id\":\"https:\\\/\\\/espace-chirurgie.ch\\\/fr\\\/#\\\/schema\\\/logo\\\/image\\\/\",\"url\":\"https:\\\/\\\/espace-chirurgie.ch\\\/wp-content\\\/uploads\\\/2019\\\/06\\\/espace-chirurgie-logo.svg\",\"contentUrl\":\"https:\\\/\\\/espace-chirurgie.ch\\\/wp-content\\\/uploads\\\/2019\\\/06\\\/espace-chirurgie-logo.svg\",\"width\":403,\"height\":86,\"caption\":\"Espace Chirurgie\"},\"image\":{\"@id\":\"https:\\\/\\\/espace-chirurgie.ch\\\/fr\\\/#\\\/schema\\\/logo\\\/image\\\/\"},\"sameAs\":[\"https:\\\/\\\/www.facebook.com\\\/espacechirurgie\",\"https:\\\/\\\/www.linkedin.com\\\/company\\\/espace-chirurgie\\\/\"]},{\"@type\":\"Person\",\"@id\":\"https:\\\/\\\/espace-chirurgie.ch\\\/fr\\\/#\\\/schema\\\/person\\\/031e6343d436c60d8c0c78602b5ab1aa\",\"name\":\"Andr\u00e9 Witschi\",\"image\":{\"@type\":\"ImageObject\",\"inLanguage\":\"fr-FR\",\"@id\":\"https:\\\/\\\/secure.gravatar.com\\\/avatar\\\/77ba98541e1e05e236d29790e3310f8e01d58c29dbb220a63b3f480aca7239b9?s=96&d=mm&r=g\",\"url\":\"https:\\\/\\\/secure.gravatar.com\\\/avatar\\\/77ba98541e1e05e236d29790e3310f8e01d58c29dbb220a63b3f480aca7239b9?s=96&d=mm&r=g\",\"contentUrl\":\"https:\\\/\\\/secure.gravatar.com\\\/avatar\\\/77ba98541e1e05e236d29790e3310f8e01d58c29dbb220a63b3f480aca7239b9?s=96&d=mm&r=g\",\"caption\":\"Andr\u00e9 Witschi\"},\"url\":\"https:\\\/\\\/espace-chirurgie.ch\\\/fr\\\/blog\\\/author\\\/andrewitschi\\\/\"}]}<\/script>\n<!-- \/ Yoast SEO plugin. -->","yoast_head_json":{"title":"Nos chiffres de 2021 &#8211; Espace Chirurgie","robots":{"index":"index","follow":"follow","max-snippet":"max-snippet:-1","max-image-preview":"max-image-preview:large","max-video-preview":"max-video-preview:-1"},"canonical":"https:\/\/espace-chirurgie.ch\/fr\/blog\/nos-chiffres-de-2021\/","og_locale":"fr_FR","og_type":"article","og_title":"Nos chiffres de 2021 &#8211; Espace Chirurgie","og_description":"News du centre de bariatrie de l&rsquo;Espace Chirurgie. Le centre multidisciplinaire de bariatrie, dirig\u00e9 par...","og_url":"https:\/\/espace-chirurgie.ch\/fr\/blog\/nos-chiffres-de-2021\/","og_site_name":"Espace Chirurgie","article_publisher":"https:\/\/www.facebook.com\/espacechirurgie","article_published_time":"2022-05-04T14:25:04+00:00","article_modified_time":"2026-01-08T07:29:54+00:00","og_image":[{"width":2560,"height":1703,"url":"https:\/\/espace-chirurgie.ch\/wp-content\/uploads\/2022\/05\/shutterstock_666692917-scaled.jpg","type":"image\/jpeg"}],"author":"Andr\u00e9 Witschi","twitter_card":"summary_large_image","twitter_misc":{"\u00c9crit par":"Andr\u00e9 Witschi","Dur\u00e9e de lecture estim\u00e9e":"3 minutes"},"schema":{"@context":"https:\/\/schema.org","@graph":[{"@type":"Article","@id":"https:\/\/espace-chirurgie.ch\/fr\/blog\/nos-chiffres-de-2021\/#article","isPartOf":{"@id":"https:\/\/espace-chirurgie.ch\/fr\/blog\/nos-chiffres-de-2021\/"},"author":{"name":"Andr\u00e9 Witschi","@id":"https:\/\/espace-chirurgie.ch\/fr\/#\/schema\/person\/031e6343d436c60d8c0c78602b5ab1aa"},"headline":"Nos chiffres de 2021","datePublished":"2022-05-04T14:25:04+00:00","dateModified":"2026-01-08T07:29:54+00:00","mainEntityOfPage":{"@id":"https:\/\/espace-chirurgie.ch\/fr\/blog\/nos-chiffres-de-2021\/"},"wordCount":377,"publisher":{"@id":"https:\/\/espace-chirurgie.ch\/fr\/#organization"},"image":{"@id":"https:\/\/espace-chirurgie.ch\/fr\/blog\/nos-chiffres-de-2021\/#primaryimage"},"thumbnailUrl":"https:\/\/espace-chirurgie.ch\/wp-content\/uploads\/2022\/05\/shutterstock_666692917-scaled.jpg","inLanguage":"fr-FR"},{"@type":"WebPage","@id":"https:\/\/espace-chirurgie.ch\/fr\/blog\/nos-chiffres-de-2021\/","url":"https:\/\/espace-chirurgie.ch\/fr\/blog\/nos-chiffres-de-2021\/","name":"Nos chiffres de 2021 &#8211; Espace Chirurgie","isPartOf":{"@id":"https:\/\/espace-chirurgie.ch\/fr\/#website"},"primaryImageOfPage":{"@id":"https:\/\/espace-chirurgie.ch\/fr\/blog\/nos-chiffres-de-2021\/#primaryimage"},"image":{"@id":"https:\/\/espace-chirurgie.ch\/fr\/blog\/nos-chiffres-de-2021\/#primaryimage"},"thumbnailUrl":"https:\/\/espace-chirurgie.ch\/wp-content\/uploads\/2022\/05\/shutterstock_666692917-scaled.jpg","datePublished":"2022-05-04T14:25:04+00:00","dateModified":"2026-01-08T07:29:54+00:00","breadcrumb":{"@id":"https:\/\/espace-chirurgie.ch\/fr\/blog\/nos-chiffres-de-2021\/#breadcrumb"},"inLanguage":"fr-FR","potentialAction":[{"@type":"ReadAction","target":["https:\/\/espace-chirurgie.ch\/fr\/blog\/nos-chiffres-de-2021\/"]}]},{"@type":"ImageObject","inLanguage":"fr-FR","@id":"https:\/\/espace-chirurgie.ch\/fr\/blog\/nos-chiffres-de-2021\/#primaryimage","url":"https:\/\/espace-chirurgie.ch\/wp-content\/uploads\/2022\/05\/shutterstock_666692917-scaled.jpg","contentUrl":"https:\/\/espace-chirurgie.ch\/wp-content\/uploads\/2022\/05\/shutterstock_666692917-scaled.jpg","width":2560,"height":1703},{"@type":"BreadcrumbList","@id":"https:\/\/espace-chirurgie.ch\/fr\/blog\/nos-chiffres-de-2021\/#breadcrumb","itemListElement":[{"@type":"ListItem","position":1,"name":"Startseite","item":"https:\/\/espace-chirurgie.ch\/fr\/"},{"@type":"ListItem","position":2,"name":"Nos chiffres de 2021"}]},{"@type":"WebSite","@id":"https:\/\/espace-chirurgie.ch\/fr\/#website","url":"https:\/\/espace-chirurgie.ch\/fr\/","name":"Espace Chirurgie","description":"Zentrum mit modernster und qualitativ hochwertiger chirurgischer Behandlung.","publisher":{"@id":"https:\/\/espace-chirurgie.ch\/fr\/#organization"},"potentialAction":[{"@type":"SearchAction","target":{"@type":"EntryPoint","urlTemplate":"https:\/\/espace-chirurgie.ch\/fr\/?s={search_term_string}"},"query-input":{"@type":"PropertyValueSpecification","valueRequired":true,"valueName":"search_term_string"}}],"inLanguage":"fr-FR"},{"@type":"Organization","@id":"https:\/\/espace-chirurgie.ch\/fr\/#organization","name":"Espace Chirurgie","url":"https:\/\/espace-chirurgie.ch\/fr\/","logo":{"@type":"ImageObject","inLanguage":"fr-FR","@id":"https:\/\/espace-chirurgie.ch\/fr\/#\/schema\/logo\/image\/","url":"https:\/\/espace-chirurgie.ch\/wp-content\/uploads\/2019\/06\/espace-chirurgie-logo.svg","contentUrl":"https:\/\/espace-chirurgie.ch\/wp-content\/uploads\/2019\/06\/espace-chirurgie-logo.svg","width":403,"height":86,"caption":"Espace Chirurgie"},"image":{"@id":"https:\/\/espace-chirurgie.ch\/fr\/#\/schema\/logo\/image\/"},"sameAs":["https:\/\/www.facebook.com\/espacechirurgie","https:\/\/www.linkedin.com\/company\/espace-chirurgie\/"]},{"@type":"Person","@id":"https:\/\/espace-chirurgie.ch\/fr\/#\/schema\/person\/031e6343d436c60d8c0c78602b5ab1aa","name":"Andr\u00e9 Witschi","image":{"@type":"ImageObject","inLanguage":"fr-FR","@id":"https:\/\/secure.gravatar.com\/avatar\/77ba98541e1e05e236d29790e3310f8e01d58c29dbb220a63b3f480aca7239b9?s=96&d=mm&r=g","url":"https:\/\/secure.gravatar.com\/avatar\/77ba98541e1e05e236d29790e3310f8e01d58c29dbb220a63b3f480aca7239b9?s=96&d=mm&r=g","contentUrl":"https:\/\/secure.gravatar.com\/avatar\/77ba98541e1e05e236d29790e3310f8e01d58c29dbb220a63b3f480aca7239b9?s=96&d=mm&r=g","caption":"Andr\u00e9 Witschi"},"url":"https:\/\/espace-chirurgie.ch\/fr\/blog\/author\/andrewitschi\/"}]}},"_links":{"self":[{"href":"https:\/\/espace-chirurgie.ch\/fr\/wp-json\/wp\/v2\/posts\/2685","targetHints":{"allow":["GET"]}}],"collection":[{"href":"https:\/\/espace-chirurgie.ch\/fr\/wp-json\/wp\/v2\/posts"}],"about":[{"href":"https:\/\/espace-chirurgie.ch\/fr\/wp-json\/wp\/v2\/types\/post"}],"author":[{"embeddable":true,"href":"https:\/\/espace-chirurgie.ch\/fr\/wp-json\/wp\/v2\/users\/8"}],"replies":[{"embeddable":true,"href":"https:\/\/espace-chirurgie.ch\/fr\/wp-json\/wp\/v2\/comments?post=2685"}],"version-history":[{"count":2,"href":"https:\/\/espace-chirurgie.ch\/fr\/wp-json\/wp\/v2\/posts\/2685\/revisions"}],"predecessor-version":[{"id":5235,"href":"https:\/\/espace-chirurgie.ch\/fr\/wp-json\/wp\/v2\/posts\/2685\/revisions\/5235"}],"wp:featuredmedia":[{"embeddable":true,"href":"https:\/\/espace-chirurgie.ch\/fr\/wp-json\/wp\/v2\/media\/2678"}],"wp:attachment":[{"href":"https:\/\/espace-chirurgie.ch\/fr\/wp-json\/wp\/v2\/media?parent=2685"}],"curies":[{"name":"wp","href":"https:\/\/api.w.org\/{rel}","templated":true}]}}