{"id":6086,"date":"2026-04-21T16:30:36","date_gmt":"2026-04-21T14:30:36","guid":{"rendered":"https:\/\/espace-chirurgie.ch\/?p=6086"},"modified":"2026-04-21T09:05:41","modified_gmt":"2026-04-21T07:05:41","slug":"horaires-douverture-exceptionnels-et-les-jours-feries","status":"publish","type":"post","link":"https:\/\/espace-chirurgie.ch\/fr\/blog\/horaires-douverture-exceptionnels-et-les-jours-feries\/","title":{"rendered":"Horaires d\u2019ouverture exceptionnels et les jours f\u00e9ri\u00e9s"},"content":{"rendered":"\n<p>Ch\u00e8res patientes, chers patients, chers m\u00e9decins r\u00e9f\u00e9rents, chers int\u00e9ress\u00e9s,<\/p>\n\n\n\n<p><strong>Le vendredi 1er mai 2026, nos cabinets \u00e0 Bienne et \u00e0 Berne fermeront exceptionnellement \u00e0 12h00 en raison d\u2019une formation interne.<\/strong> Nous serons joignables par t\u00e9l\u00e9phone jusqu\u2019\u00e0 11h00.<\/p>\n\n\n\n<p>L\u2019apr\u00e8s-midi, notre \u00e9quipe participera \u00e0 un cours de r\u00e9animation. Durant ce temps, nous ne serons pas en mesure de vous recevoir.<\/p>\n\n\n\n<p>D\u00e8s le lundi 4 mai 2026, nous serons \u00e0 nouveau \u00e0 votre disposition aux horaires habituels.<\/p>\n\n\n\n<p><strong>Pendant les jours f\u00e9ri\u00e9s, le cabinet sera ferm\u00e9 comme suit:<\/strong><br>Ascension: du jeudi 14 mai au dimanche 17 mai 2026<br>Lundi de Pentec\u00f4te: lundi 25 mai 2026<\/p>\n\n\n\n<p>Bien cordialement,<br>Votre \u00e9quipe Espace Chirurgie<\/p>\n","protected":false},"excerpt":{"rendered":"<p>Ch\u00e8res patientes, chers patients, chers m\u00e9decins r\u00e9f\u00e9rents, chers int\u00e9ress\u00e9s, Le vendredi 1er mai 2026, nos&#8230;<\/p>\n","protected":false},"author":15,"featured_media":6087,"comment_status":"closed","ping_status":"closed","sticky":false,"template":"","format":"standard","meta":{"_acf_changed":false,"footnotes":""},"class_list":["post-6086","post","type-post","status-publish","format-standard","has-post-thumbnail","hentry"],"acf":[],"yoast_head":"<!-- This site is optimized with the Yoast SEO plugin v27.4 - https:\/\/yoast.com\/product\/yoast-seo-wordpress\/ -->\n<title>Horaires d\u2019ouverture exceptionnels et les jours f\u00e9ri\u00e9s &#8211; Espace Chirurgie<\/title>\n<meta name=\"robots\" content=\"index, follow, max-snippet:-1, max-image-preview:large, max-video-preview:-1\" \/>\n<link rel=\"canonical\" href=\"https:\/\/espace-chirurgie.ch\/fr\/blog\/horaires-douverture-exceptionnels-et-les-jours-feries\/\" \/>\n<meta property=\"og:locale\" content=\"fr_FR\" \/>\n<meta property=\"og:type\" content=\"article\" \/>\n<meta property=\"og:title\" content=\"Horaires d\u2019ouverture exceptionnels et les jours f\u00e9ri\u00e9s &#8211; Espace Chirurgie\" \/>\n<meta property=\"og:description\" content=\"Ch\u00e8res patientes, chers patients, chers m\u00e9decins r\u00e9f\u00e9rents, chers int\u00e9ress\u00e9s, Le vendredi 1er mai 2026, nos...\" \/>\n<meta property=\"og:url\" content=\"https:\/\/espace-chirurgie.ch\/fr\/blog\/horaires-douverture-exceptionnels-et-les-jours-feries\/\" \/>\n<meta property=\"og:site_name\" content=\"Espace Chirurgie\" \/>\n<meta property=\"article:publisher\" content=\"https:\/\/www.facebook.com\/espacechirurgie\" \/>\n<meta property=\"article:published_time\" content=\"2026-04-21T14:30:36+00:00\" \/>\n<meta property=\"og:image\" content=\"https:\/\/espace-chirurgie.ch\/wp-content\/uploads\/2026\/04\/Spezielle-Oeffnungszeiten_Webseite-FR.png\" \/>\n\t<meta property=\"og:image:width\" content=\"1350\" \/>\n\t<meta property=\"og:image:height\" content=\"915\" \/>\n\t<meta property=\"og:image:type\" content=\"image\/png\" \/>\n<meta name=\"author\" content=\"Noemi Zarbo\" \/>\n<meta name=\"twitter:card\" content=\"summary_large_image\" \/>\n<meta name=\"twitter:label1\" content=\"\u00c9crit par\" \/>\n\t<meta name=\"twitter:data1\" content=\"Noemi Zarbo\" \/>\n\t<meta name=\"twitter:label2\" content=\"Dur\u00e9e de lecture estim\u00e9e\" \/>\n\t<meta name=\"twitter:data2\" content=\"1 minute\" \/>\n<script type=\"application\/ld+json\" class=\"yoast-schema-graph\">{\"@context\":\"https:\\\/\\\/schema.org\",\"@graph\":[{\"@type\":\"Article\",\"@id\":\"https:\\\/\\\/espace-chirurgie.ch\\\/fr\\\/blog\\\/horaires-douverture-exceptionnels-et-les-jours-feries\\\/#article\",\"isPartOf\":{\"@id\":\"https:\\\/\\\/espace-chirurgie.ch\\\/fr\\\/blog\\\/horaires-douverture-exceptionnels-et-les-jours-feries\\\/\"},\"author\":{\"name\":\"Noemi Zarbo\",\"@id\":\"https:\\\/\\\/espace-chirurgie.ch\\\/fr\\\/#\\\/schema\\\/person\\\/057c3200e84b169892a6945bb235b4ab\"},\"headline\":\"Horaires d\u2019ouverture exceptionnels et les jours f\u00e9ri\u00e9s\",\"datePublished\":\"2026-04-21T14:30:36+00:00\",\"mainEntityOfPage\":{\"@id\":\"https:\\\/\\\/espace-chirurgie.ch\\\/fr\\\/blog\\\/horaires-douverture-exceptionnels-et-les-jours-feries\\\/\"},\"wordCount\":119,\"publisher\":{\"@id\":\"https:\\\/\\\/espace-chirurgie.ch\\\/fr\\\/#organization\"},\"image\":{\"@id\":\"https:\\\/\\\/espace-chirurgie.ch\\\/fr\\\/blog\\\/horaires-douverture-exceptionnels-et-les-jours-feries\\\/#primaryimage\"},\"thumbnailUrl\":\"https:\\\/\\\/espace-chirurgie.ch\\\/wp-content\\\/uploads\\\/2026\\\/04\\\/Spezielle-Oeffnungszeiten_Webseite-FR.png\",\"inLanguage\":\"fr-FR\"},{\"@type\":\"WebPage\",\"@id\":\"https:\\\/\\\/espace-chirurgie.ch\\\/fr\\\/blog\\\/horaires-douverture-exceptionnels-et-les-jours-feries\\\/\",\"url\":\"https:\\\/\\\/espace-chirurgie.ch\\\/fr\\\/blog\\\/horaires-douverture-exceptionnels-et-les-jours-feries\\\/\",\"name\":\"Horaires d\u2019ouverture exceptionnels et les jours f\u00e9ri\u00e9s &#8211; Espace Chirurgie\",\"isPartOf\":{\"@id\":\"https:\\\/\\\/espace-chirurgie.ch\\\/fr\\\/#website\"},\"primaryImageOfPage\":{\"@id\":\"https:\\\/\\\/espace-chirurgie.ch\\\/fr\\\/blog\\\/horaires-douverture-exceptionnels-et-les-jours-feries\\\/#primaryimage\"},\"image\":{\"@id\":\"https:\\\/\\\/espace-chirurgie.ch\\\/fr\\\/blog\\\/horaires-douverture-exceptionnels-et-les-jours-feries\\\/#primaryimage\"},\"thumbnailUrl\":\"https:\\\/\\\/espace-chirurgie.ch\\\/wp-content\\\/uploads\\\/2026\\\/04\\\/Spezielle-Oeffnungszeiten_Webseite-FR.png\",\"datePublished\":\"2026-04-21T14:30:36+00:00\",\"breadcrumb\":{\"@id\":\"https:\\\/\\\/espace-chirurgie.ch\\\/fr\\\/blog\\\/horaires-douverture-exceptionnels-et-les-jours-feries\\\/#breadcrumb\"},\"inLanguage\":\"fr-FR\",\"potentialAction\":[{\"@type\":\"ReadAction\",\"target\":[\"https:\\\/\\\/espace-chirurgie.ch\\\/fr\\\/blog\\\/horaires-douverture-exceptionnels-et-les-jours-feries\\\/\"]}]},{\"@type\":\"ImageObject\",\"inLanguage\":\"fr-FR\",\"@id\":\"https:\\\/\\\/espace-chirurgie.ch\\\/fr\\\/blog\\\/horaires-douverture-exceptionnels-et-les-jours-feries\\\/#primaryimage\",\"url\":\"https:\\\/\\\/espace-chirurgie.ch\\\/wp-content\\\/uploads\\\/2026\\\/04\\\/Spezielle-Oeffnungszeiten_Webseite-FR.png\",\"contentUrl\":\"https:\\\/\\\/espace-chirurgie.ch\\\/wp-content\\\/uploads\\\/2026\\\/04\\\/Spezielle-Oeffnungszeiten_Webseite-FR.png\",\"width\":1350,\"height\":915,\"caption\":\"Portail bleu en bois ferm\u00e9 par un cadenas rose\"},{\"@type\":\"BreadcrumbList\",\"@id\":\"https:\\\/\\\/espace-chirurgie.ch\\\/fr\\\/blog\\\/horaires-douverture-exceptionnels-et-les-jours-feries\\\/#breadcrumb\",\"itemListElement\":[{\"@type\":\"ListItem\",\"position\":1,\"name\":\"Startseite\",\"item\":\"https:\\\/\\\/espace-chirurgie.ch\\\/fr\\\/\"},{\"@type\":\"ListItem\",\"position\":2,\"name\":\"Horaires d\u2019ouverture exceptionnels et les jours f\u00e9ri\u00e9s\"}]},{\"@type\":\"WebSite\",\"@id\":\"https:\\\/\\\/espace-chirurgie.ch\\\/fr\\\/#website\",\"url\":\"https:\\\/\\\/espace-chirurgie.ch\\\/fr\\\/\",\"name\":\"Espace Chirurgie\",\"description\":\"Zentrum mit modernster und qualitativ hochwertiger chirurgischer Behandlung.\",\"publisher\":{\"@id\":\"https:\\\/\\\/espace-chirurgie.ch\\\/fr\\\/#organization\"},\"potentialAction\":[{\"@type\":\"SearchAction\",\"target\":{\"@type\":\"EntryPoint\",\"urlTemplate\":\"https:\\\/\\\/espace-chirurgie.ch\\\/fr\\\/?s={search_term_string}\"},\"query-input\":{\"@type\":\"PropertyValueSpecification\",\"valueRequired\":true,\"valueName\":\"search_term_string\"}}],\"inLanguage\":\"fr-FR\"},{\"@type\":\"Organization\",\"@id\":\"https:\\\/\\\/espace-chirurgie.ch\\\/fr\\\/#organization\",\"name\":\"Espace Chirurgie\",\"url\":\"https:\\\/\\\/espace-chirurgie.ch\\\/fr\\\/\",\"logo\":{\"@type\":\"ImageObject\",\"inLanguage\":\"fr-FR\",\"@id\":\"https:\\\/\\\/espace-chirurgie.ch\\\/fr\\\/#\\\/schema\\\/logo\\\/image\\\/\",\"url\":\"https:\\\/\\\/espace-chirurgie.ch\\\/wp-content\\\/uploads\\\/2019\\\/06\\\/espace-chirurgie-logo.svg\",\"contentUrl\":\"https:\\\/\\\/espace-chirurgie.ch\\\/wp-content\\\/uploads\\\/2019\\\/06\\\/espace-chirurgie-logo.svg\",\"width\":403,\"height\":86,\"caption\":\"Espace Chirurgie\"},\"image\":{\"@id\":\"https:\\\/\\\/espace-chirurgie.ch\\\/fr\\\/#\\\/schema\\\/logo\\\/image\\\/\"},\"sameAs\":[\"https:\\\/\\\/www.facebook.com\\\/espacechirurgie\",\"https:\\\/\\\/www.linkedin.com\\\/company\\\/espace-chirurgie\\\/\"]},{\"@type\":\"Person\",\"@id\":\"https:\\\/\\\/espace-chirurgie.ch\\\/fr\\\/#\\\/schema\\\/person\\\/057c3200e84b169892a6945bb235b4ab\",\"name\":\"Noemi Zarbo\",\"image\":{\"@type\":\"ImageObject\",\"inLanguage\":\"fr-FR\",\"@id\":\"https:\\\/\\\/secure.gravatar.com\\\/avatar\\\/d28ecc826389cc871b21725db7d4100ba8ddb28cc4c645ce9ee4bb8026cfce6e?s=96&d=mm&r=g\",\"url\":\"https:\\\/\\\/secure.gravatar.com\\\/avatar\\\/d28ecc826389cc871b21725db7d4100ba8ddb28cc4c645ce9ee4bb8026cfce6e?s=96&d=mm&r=g\",\"contentUrl\":\"https:\\\/\\\/secure.gravatar.com\\\/avatar\\\/d28ecc826389cc871b21725db7d4100ba8ddb28cc4c645ce9ee4bb8026cfce6e?s=96&d=mm&r=g\",\"caption\":\"Noemi Zarbo\"},\"url\":\"https:\\\/\\\/espace-chirurgie.ch\\\/fr\\\/blog\\\/author\\\/noemi-zarbo\\\/\"}]}<\/script>\n<!-- \/ Yoast SEO plugin. -->","yoast_head_json":{"title":"Horaires d\u2019ouverture exceptionnels et les jours f\u00e9ri\u00e9s &#8211; Espace Chirurgie","robots":{"index":"index","follow":"follow","max-snippet":"max-snippet:-1","max-image-preview":"max-image-preview:large","max-video-preview":"max-video-preview:-1"},"canonical":"https:\/\/espace-chirurgie.ch\/fr\/blog\/horaires-douverture-exceptionnels-et-les-jours-feries\/","og_locale":"fr_FR","og_type":"article","og_title":"Horaires d\u2019ouverture exceptionnels et les jours f\u00e9ri\u00e9s &#8211; Espace Chirurgie","og_description":"Ch\u00e8res patientes, chers patients, chers m\u00e9decins r\u00e9f\u00e9rents, chers int\u00e9ress\u00e9s, Le vendredi 1er mai 2026, nos...","og_url":"https:\/\/espace-chirurgie.ch\/fr\/blog\/horaires-douverture-exceptionnels-et-les-jours-feries\/","og_site_name":"Espace Chirurgie","article_publisher":"https:\/\/www.facebook.com\/espacechirurgie","article_published_time":"2026-04-21T14:30:36+00:00","og_image":[{"width":1350,"height":915,"url":"https:\/\/espace-chirurgie.ch\/wp-content\/uploads\/2026\/04\/Spezielle-Oeffnungszeiten_Webseite-FR.png","type":"image\/png"}],"author":"Noemi Zarbo","twitter_card":"summary_large_image","twitter_misc":{"\u00c9crit par":"Noemi Zarbo","Dur\u00e9e de lecture estim\u00e9e":"1 minute"},"schema":{"@context":"https:\/\/schema.org","@graph":[{"@type":"Article","@id":"https:\/\/espace-chirurgie.ch\/fr\/blog\/horaires-douverture-exceptionnels-et-les-jours-feries\/#article","isPartOf":{"@id":"https:\/\/espace-chirurgie.ch\/fr\/blog\/horaires-douverture-exceptionnels-et-les-jours-feries\/"},"author":{"name":"Noemi Zarbo","@id":"https:\/\/espace-chirurgie.ch\/fr\/#\/schema\/person\/057c3200e84b169892a6945bb235b4ab"},"headline":"Horaires d\u2019ouverture exceptionnels et les jours f\u00e9ri\u00e9s","datePublished":"2026-04-21T14:30:36+00:00","mainEntityOfPage":{"@id":"https:\/\/espace-chirurgie.ch\/fr\/blog\/horaires-douverture-exceptionnels-et-les-jours-feries\/"},"wordCount":119,"publisher":{"@id":"https:\/\/espace-chirurgie.ch\/fr\/#organization"},"image":{"@id":"https:\/\/espace-chirurgie.ch\/fr\/blog\/horaires-douverture-exceptionnels-et-les-jours-feries\/#primaryimage"},"thumbnailUrl":"https:\/\/espace-chirurgie.ch\/wp-content\/uploads\/2026\/04\/Spezielle-Oeffnungszeiten_Webseite-FR.png","inLanguage":"fr-FR"},{"@type":"WebPage","@id":"https:\/\/espace-chirurgie.ch\/fr\/blog\/horaires-douverture-exceptionnels-et-les-jours-feries\/","url":"https:\/\/espace-chirurgie.ch\/fr\/blog\/horaires-douverture-exceptionnels-et-les-jours-feries\/","name":"Horaires d\u2019ouverture exceptionnels et les jours f\u00e9ri\u00e9s &#8211; Espace Chirurgie","isPartOf":{"@id":"https:\/\/espace-chirurgie.ch\/fr\/#website"},"primaryImageOfPage":{"@id":"https:\/\/espace-chirurgie.ch\/fr\/blog\/horaires-douverture-exceptionnels-et-les-jours-feries\/#primaryimage"},"image":{"@id":"https:\/\/espace-chirurgie.ch\/fr\/blog\/horaires-douverture-exceptionnels-et-les-jours-feries\/#primaryimage"},"thumbnailUrl":"https:\/\/espace-chirurgie.ch\/wp-content\/uploads\/2026\/04\/Spezielle-Oeffnungszeiten_Webseite-FR.png","datePublished":"2026-04-21T14:30:36+00:00","breadcrumb":{"@id":"https:\/\/espace-chirurgie.ch\/fr\/blog\/horaires-douverture-exceptionnels-et-les-jours-feries\/#breadcrumb"},"inLanguage":"fr-FR","potentialAction":[{"@type":"ReadAction","target":["https:\/\/espace-chirurgie.ch\/fr\/blog\/horaires-douverture-exceptionnels-et-les-jours-feries\/"]}]},{"@type":"ImageObject","inLanguage":"fr-FR","@id":"https:\/\/espace-chirurgie.ch\/fr\/blog\/horaires-douverture-exceptionnels-et-les-jours-feries\/#primaryimage","url":"https:\/\/espace-chirurgie.ch\/wp-content\/uploads\/2026\/04\/Spezielle-Oeffnungszeiten_Webseite-FR.png","contentUrl":"https:\/\/espace-chirurgie.ch\/wp-content\/uploads\/2026\/04\/Spezielle-Oeffnungszeiten_Webseite-FR.png","width":1350,"height":915,"caption":"Portail bleu en bois ferm\u00e9 par un cadenas rose"},{"@type":"BreadcrumbList","@id":"https:\/\/espace-chirurgie.ch\/fr\/blog\/horaires-douverture-exceptionnels-et-les-jours-feries\/#breadcrumb","itemListElement":[{"@type":"ListItem","position":1,"name":"Startseite","item":"https:\/\/espace-chirurgie.ch\/fr\/"},{"@type":"ListItem","position":2,"name":"Horaires d\u2019ouverture exceptionnels et les jours f\u00e9ri\u00e9s"}]},{"@type":"WebSite","@id":"https:\/\/espace-chirurgie.ch\/fr\/#website","url":"https:\/\/espace-chirurgie.ch\/fr\/","name":"Espace Chirurgie","description":"Zentrum mit modernster und qualitativ hochwertiger chirurgischer Behandlung.","publisher":{"@id":"https:\/\/espace-chirurgie.ch\/fr\/#organization"},"potentialAction":[{"@type":"SearchAction","target":{"@type":"EntryPoint","urlTemplate":"https:\/\/espace-chirurgie.ch\/fr\/?s={search_term_string}"},"query-input":{"@type":"PropertyValueSpecification","valueRequired":true,"valueName":"search_term_string"}}],"inLanguage":"fr-FR"},{"@type":"Organization","@id":"https:\/\/espace-chirurgie.ch\/fr\/#organization","name":"Espace Chirurgie","url":"https:\/\/espace-chirurgie.ch\/fr\/","logo":{"@type":"ImageObject","inLanguage":"fr-FR","@id":"https:\/\/espace-chirurgie.ch\/fr\/#\/schema\/logo\/image\/","url":"https:\/\/espace-chirurgie.ch\/wp-content\/uploads\/2019\/06\/espace-chirurgie-logo.svg","contentUrl":"https:\/\/espace-chirurgie.ch\/wp-content\/uploads\/2019\/06\/espace-chirurgie-logo.svg","width":403,"height":86,"caption":"Espace Chirurgie"},"image":{"@id":"https:\/\/espace-chirurgie.ch\/fr\/#\/schema\/logo\/image\/"},"sameAs":["https:\/\/www.facebook.com\/espacechirurgie","https:\/\/www.linkedin.com\/company\/espace-chirurgie\/"]},{"@type":"Person","@id":"https:\/\/espace-chirurgie.ch\/fr\/#\/schema\/person\/057c3200e84b169892a6945bb235b4ab","name":"Noemi Zarbo","image":{"@type":"ImageObject","inLanguage":"fr-FR","@id":"https:\/\/secure.gravatar.com\/avatar\/d28ecc826389cc871b21725db7d4100ba8ddb28cc4c645ce9ee4bb8026cfce6e?s=96&d=mm&r=g","url":"https:\/\/secure.gravatar.com\/avatar\/d28ecc826389cc871b21725db7d4100ba8ddb28cc4c645ce9ee4bb8026cfce6e?s=96&d=mm&r=g","contentUrl":"https:\/\/secure.gravatar.com\/avatar\/d28ecc826389cc871b21725db7d4100ba8ddb28cc4c645ce9ee4bb8026cfce6e?s=96&d=mm&r=g","caption":"Noemi Zarbo"},"url":"https:\/\/espace-chirurgie.ch\/fr\/blog\/author\/noemi-zarbo\/"}]}},"_links":{"self":[{"href":"https:\/\/espace-chirurgie.ch\/fr\/wp-json\/wp\/v2\/posts\/6086","targetHints":{"allow":["GET"]}}],"collection":[{"href":"https:\/\/espace-chirurgie.ch\/fr\/wp-json\/wp\/v2\/posts"}],"about":[{"href":"https:\/\/espace-chirurgie.ch\/fr\/wp-json\/wp\/v2\/types\/post"}],"author":[{"embeddable":true,"href":"https:\/\/espace-chirurgie.ch\/fr\/wp-json\/wp\/v2\/users\/15"}],"replies":[{"embeddable":true,"href":"https:\/\/espace-chirurgie.ch\/fr\/wp-json\/wp\/v2\/comments?post=6086"}],"version-history":[{"count":2,"href":"https:\/\/espace-chirurgie.ch\/fr\/wp-json\/wp\/v2\/posts\/6086\/revisions"}],"predecessor-version":[{"id":6116,"href":"https:\/\/espace-chirurgie.ch\/fr\/wp-json\/wp\/v2\/posts\/6086\/revisions\/6116"}],"wp:featuredmedia":[{"embeddable":true,"href":"https:\/\/espace-chirurgie.ch\/fr\/wp-json\/wp\/v2\/media\/6087"}],"wp:attachment":[{"href":"https:\/\/espace-chirurgie.ch\/fr\/wp-json\/wp\/v2\/media?parent=6086"}],"curies":[{"name":"wp","href":"https:\/\/api.w.org\/{rel}","templated":true}]}}