{"id":6988,"date":"2026-09-01T10:00:57","date_gmt":"2026-09-01T08:00:57","guid":{"rendered":"https:\/\/espace-chirurgie.ch\/?p=6988"},"modified":"2026-08-26T13:39:29","modified_gmt":"2026-08-26T11:39:29","slug":"evaluation-psychologique-desormais-disponible-a-espace-metabolique","status":"publish","type":"post","link":"https:\/\/espace-chirurgie.ch\/fr\/blog\/evaluation-psychologique-desormais-disponible-a-espace-metabolique\/","title":{"rendered":"\u00c9valuation psychologique d\u00e9sormais disponible \u00e0 Espace M\u00e9tabolique"},"content":{"rendered":"\n<p class=\"wp-block-paragraph\"><strong>Notre \u00e9quipe s\u2019agrandit et nous proposons d\u00e9sormais des \u00e9valuations psychologiques en vue d\u2019une chirurgie bariatrique.<\/strong><\/p>\n\n\n\n<p class=\"wp-block-paragraph\">Madison Graells est psychologue-psychoth\u00e9rapeute et di\u00e9t\u00e9ticienne. Gr\u00e2ce \u00e0 cette double expertise, elle compl\u00e8te parfaitement notre centre sp\u00e9cialis\u00e9 dans le surpoids, le m\u00e9tabolisme et la nutrition. Nous sommes ravis de l\u2019accueillir au sein de notre \u00e9quipe.<\/p>\n\n\n\n<p class=\"wp-block-paragraph\">Son arriv\u00e9e nous permet d\u2019\u00e9largir <a href=\"https:\/\/espace-chirurgie.ch\/fr\/domaines-de-travail\/\" target=\"_blank\" rel=\"noreferrer noopener\">notre offre<\/a> dans le domaine de <a href=\"https:\/\/espace-chirurgie.ch\/fr\/domaines-de-travail\/bariatrie\/\" target=\"_blank\" rel=\"noreferrer noopener\">la m\u00e9dicine de l\u2019ob\u00e9sit\u00e9<\/a> en proposant \u00e9galement un accompagnement psychoth\u00e9rapeutique \u00e0 nos patientes et patients francophones. \u00c0 partir du 1er septembre, ils pourront prendre rendez-vous directement chez nous pour une \u00e9valuation psychologique, le mardi toute la journ\u00e9e ainsi que le vendredi apr\u00e8s-midi.<\/p>\n\n\n\n<h2 class=\"wp-block-heading\"><strong>Pourquoi une \u00e9valuation psychologique est-elle n\u00e9cessaire?<\/strong><\/h2>\n\n\n\n<p class=\"wp-block-paragraph\"><a href=\"https:\/\/espace-chirurgie.ch\/fr\/arbeitsgebiet\/avant-loperation-2\/\" target=\"_blank\" rel=\"noreferrer noopener\">Avant une chirurgie bariatrique<\/a>, une \u00e9valuation psychologique fait partie des conditions requises par les caisses maladie. Mais au-del\u00e0 de cette exigence, elle joue \u00e9galement un r\u00f4le important dans la pr\u00e9paration \u00e0 l\u2019intervention.<\/p>\n\n\n\n<p class=\"wp-block-paragraph\">Une chirurgie bariatrique ne se limite pas \u00e0 l\u2019op\u00e9ration elle-m\u00eame: elle entra\u00eene \u00e9galement des changements dans la vie quotidienne et les habitudes de vie. La p\u00e9riode qui entoure l\u2019op\u00e9ration peut donc \u00eatre particuli\u00e8rement intense. Les patientes et patients sont amen\u00e9s \u00e0 r\u00e9fl\u00e9chir \u00e0 leur situation personnelle et \u00e0 leurs propres besoins. Pour cela, une certaine stabilit\u00e9 dans la vie personnelle et quotidienne est n\u00e9cessaire.<\/p>\n\n\n\n<p class=\"wp-block-paragraph\">C&rsquo;est pourquoi il est important que les personnes concern\u00e9es parlent ouvertement de leur situation actuelle et de leur parcours personnel. Cela permet aux th\u00e9rapeutes d\u2019\u00e9valuer si les conditions n\u00e9cessaires sont r\u00e9unies pour faire face aux changements \u00e0 venir.<\/p>\n\n\n\n<h2 class=\"wp-block-heading\"><strong>Madison Graells: une double expertise<\/strong><\/h2>\n\n\n\n<p class=\"wp-block-paragraph\">Madison Graells est psychologue-psychoth\u00e9rapeute et di\u00e9t\u00e9ticienne de formation. Gr\u00e2ce \u00e0 son MAS en th\u00e9rapie cognitive-comportementale, elle dispose \u00e9galement des comp\u00e9tences et de la sensibilit\u00e9 n\u00e9cessaires pour accompagner des personnes atteintes de maladies chroniques li\u00e9es \u00e0 l\u2019alimentation ou traversant des situations de vie instables.<\/p>\n\n\n\n<details class=\"wp-block-details is-layout-flow wp-block-details-is-layout-flow\"><summary><strong>Que signifie \u00abMAS en th\u00e9rapie cognitive-comportementale\u00bb?<\/strong><\/summary>\n<p class=\"wp-block-paragraph\">MAS signifie <em>Master of Advanced Studies<\/em>. Il s\u2019agit d\u2019une formation universitaire postgrade qui met l\u2019accent sur une sp\u00e9cialisation approfondie en psychoth\u00e9rapie. Le MAS en th\u00e9rapie cognitive-comportementale de <a href=\"https:\/\/www.unige.ch\/formcont\/cours\/mastcc\">l\u2019Universit\u00e9 de Gen\u00e8ve<\/a> associe connaissances th\u00e9oriques et formation pratique intensive. Outre les enseignements th\u00e9oriques, le cours comprend des exercices pratiques, des discussions de cas ainsi qu\u2019une activit\u00e9 clinique de plusieurs ann\u00e9es. Les futurs psychoth\u00e9rapeutes acqui\u00e8rent ainsi une exp\u00e9rience professionnelle dans le domaine de la psychoth\u00e9rapie d\u00e8s leur formation.<\/p>\n\n\n\n<p class=\"wp-block-paragraph\">Pour les patientes et patients, cela signifie que les th\u00e9rapeutes apprennent \u00e0 \u00e9valuer pr\u00e9cis\u00e9ment les difficult\u00e9s psychiques et \u00e0 adapter la prise en charge \u00e0 chaque personne et \u00e0 ses besoins.<\/p>\n<\/details>\n\n\n\n<p class=\"wp-block-paragraph\">En parall\u00e8le de son activit\u00e9 \u00e0 Espace M\u00e9tabolique, Madison Graells travaille comme psychologue-sp\u00e9cialiste en psychoth\u00e9rapie dans au sein du p\u00f4le sant\u00e9 mentale du R\u00e9seau de l\u2019Arc \u00e0 Bienne. Elle y assure des suivis psychoth\u00e9rapeutiques et anime des groupes th\u00e9rapeutiques ainsi que des formations.<\/p>\n\n\n\n<p class=\"wp-block-paragraph\"><a href=\"https:\/\/espace-chirurgie.ch\/fr\/notre-equipe\/#team-madison-graells\" target=\"_blank\" rel=\"noreferrer noopener\">Cliquez ici<\/a> pour d\u00e9couvrir le parcours de Madison Graells.<\/p>\n\n\n\n<h2 class=\"wp-block-heading\"><strong>Vous avez des questions ou souhaitez prendre rendez-vous?<\/strong><\/h2>\n\n\n\n<p class=\"wp-block-paragraph\">Nous sommes \u00e0 votre disposition. Appelez-nous pour prendre rendez-vous: 032 366 65 70.<\/p>\n\n\n\n<hr class=\"wp-block-separator has-alpha-channel-opacity\"\/>\n\n\n\n<p class=\"wp-block-paragraph\"><strong>Cela pourrait \u00e9galement vous int\u00e9resser:<\/strong><\/p>\n\n\n\n<div class=\"wp-block-media-text is-stacked-on-mobile\"><figure class=\"wp-block-media-text__media\"><a href=\"https:\/\/espace-chirurgie.ch\/fr\/blog\/nouveau-soutien-pour-les-situations-de-sante-complexes\/\" target=\"_blank\" rel=\" noreferrer noopener\"><img loading=\"lazy\" decoding=\"async\" width=\"1024\" height=\"694\" src=\"https:\/\/espace-chirurgie.ch\/wp-content\/uploads\/2026\/02\/Sara-martins-blog-1024x694.jpeg\" alt=\"Junge Frau  mit dunklen Haaren und grauem \" class=\"wp-image-5831 size-full\" srcset=\"https:\/\/espace-chirurgie.ch\/wp-content\/uploads\/2026\/02\/Sara-martins-blog-1024x694.jpeg 1024w, https:\/\/espace-chirurgie.ch\/wp-content\/uploads\/2026\/02\/Sara-martins-blog-300x203.jpeg 300w, https:\/\/espace-chirurgie.ch\/wp-content\/uploads\/2026\/02\/Sara-martins-blog-768x521.jpeg 768w, https:\/\/espace-chirurgie.ch\/wp-content\/uploads\/2026\/02\/Sara-martins-blog.jpeg 1350w\" sizes=\"auto, (max-width: 1024px) 100vw, 1024px\" \/><\/a><\/figure><div class=\"wp-block-media-text__content\">\n<p class=\"wp-block-paragraph\"><strong>Que sont les Advanced Practice Nurses (APN) et o\u00f9 exercent-elles?<\/strong><\/p>\n\n\n\n<p class=\"wp-block-paragraph\"><a href=\"https:\/\/espace-chirurgie.ch\/fr\/notre-equipe\/#team-sara-martins\" target=\"_blank\" rel=\"noreferrer noopener\">Sara Martins<\/a> est une APN et fait partie de notre \u00e9quipe depuis mars 2026. D\u00e9couvrez-en plus sur Sara Martins et son m\u00e9tier. <a href=\"https:\/\/espace-chirurgie.ch\/fr\/blog\/nouveau-soutien-pour-les-situations-de-sante-complexes\/\" target=\"_blank\" rel=\"noreferrer noopener\">Cliquez ici pour lire notre article de blog \u00e0 ce sujet.<\/a><\/p>\n<\/div><\/div>\n\n\n\n<div class=\"wp-block-media-text is-stacked-on-mobile\"><figure class=\"wp-block-media-text__media\"><a href=\"https:\/\/espace-chirurgie.ch\/fr\/infos\/#fiches-dinformation\" target=\"_blank\" rel=\" noreferrer noopener\"><img loading=\"lazy\" decoding=\"async\" width=\"1024\" height=\"694\" src=\"https:\/\/espace-chirurgie.ch\/wp-content\/uploads\/2026\/06\/Beitragsbild-MerkblaetterFAQ-FR-1024x694.jpeg\" alt=\"\" class=\"wp-image-6696 size-full\" srcset=\"https:\/\/espace-chirurgie.ch\/wp-content\/uploads\/2026\/06\/Beitragsbild-MerkblaetterFAQ-FR-1024x694.jpeg 1024w, https:\/\/espace-chirurgie.ch\/wp-content\/uploads\/2026\/06\/Beitragsbild-MerkblaetterFAQ-FR-300x203.jpeg 300w, https:\/\/espace-chirurgie.ch\/wp-content\/uploads\/2026\/06\/Beitragsbild-MerkblaetterFAQ-FR-768x521.jpeg 768w, https:\/\/espace-chirurgie.ch\/wp-content\/uploads\/2026\/06\/Beitragsbild-MerkblaetterFAQ-FR.jpeg 1350w\" sizes=\"auto, (max-width: 1024px) 100vw, 1024px\" \/><\/a><\/figure><div class=\"wp-block-media-text__content\">\n<p class=\"wp-block-paragraph\"><strong>Fiches d&rsquo;information utiles sur diff\u00e9rents sujets<\/strong><\/p>\n\n\n\n<p class=\"wp-block-paragraph\"><a href=\"https:\/\/espace-chirurgie.ch\/fr\/infos\/#fiches-dinformation\" target=\"_blank\" rel=\"noreferrer noopener\">D\u00e9couvrez notre nouvelle rubrique \u00abFiches d\u2019information\u00bb!<\/a> Vous y trouverez des informations utiles et des conseils. Tous ces documents sont t\u00e9l\u00e9chargeables et imprimables.<br><\/p>\n<\/div><\/div>\n\n\n\n<p class=\"wp-block-paragraph\"><\/p>\n","protected":false},"excerpt":{"rendered":"<p>Notre \u00e9quipe s\u2019agrandit et nous proposons d\u00e9sormais des \u00e9valuations psychologiques en vue d\u2019une chirurgie bariatrique&#8230;.<\/p>\n","protected":false},"author":15,"featured_media":6991,"comment_status":"closed","ping_status":"closed","sticky":false,"template":"","format":"standard","meta":{"_acf_changed":false,"sht_featured_post_video":0,"sht_featured_post_video_poster_id":0,"sht_featured_post_video_show_play_button":true,"sht_featured_post_single_media_type":"","sht_featured_post_video_single_media_appearance":"","footnotes":""},"class_list":["post-6988","post","type-post","status-publish","format-standard","has-post-thumbnail","hentry"],"acf":[],"yoast_head":"<!-- This site is optimized with the Yoast SEO plugin v28.4 - https:\/\/yoast.com\/product\/yoast-seo-wordpress\/ -->\n<title>\u00c9valuation psychologique d\u00e9sormais disponible \u00e0 Espace M\u00e9tabolique &#8211; Espace Chirurgie<\/title>\n<meta name=\"robots\" content=\"index, follow, max-snippet:-1, max-image-preview:large, max-video-preview:-1\" \/>\n<link rel=\"canonical\" href=\"https:\/\/espace-chirurgie.ch\/fr\/blog\/evaluation-psychologique-desormais-disponible-a-espace-metabolique\/\" \/>\n<meta property=\"og:locale\" content=\"fr_FR\" \/>\n<meta property=\"og:type\" content=\"article\" \/>\n<meta property=\"og:title\" content=\"\u00c9valuation psychologique d\u00e9sormais disponible \u00e0 Espace M\u00e9tabolique &#8211; Espace Chirurgie\" \/>\n<meta property=\"og:description\" content=\"Notre \u00e9quipe s\u2019agrandit et nous proposons d\u00e9sormais des \u00e9valuations psychologiques en vue d\u2019une chirurgie bariatrique....\" \/>\n<meta property=\"og:url\" content=\"https:\/\/espace-chirurgie.ch\/fr\/blog\/evaluation-psychologique-desormais-disponible-a-espace-metabolique\/\" \/>\n<meta property=\"og:site_name\" content=\"Espace Chirurgie\" \/>\n<meta property=\"article:publisher\" content=\"https:\/\/www.facebook.com\/espacechirurgie\" \/>\n<meta property=\"article:published_time\" content=\"2026-09-01T08:00:57+00:00\" \/>\n<meta property=\"og:image\" content=\"https:\/\/espace-chirurgie.ch\/wp-content\/uploads\/2026\/08\/Madison-Graells-3-Webseite.png\" \/>\n\t<meta property=\"og:image:width\" content=\"1350\" \/>\n\t<meta property=\"og:image:height\" content=\"915\" \/>\n\t<meta property=\"og:image:type\" content=\"image\/png\" \/>\n<meta name=\"author\" content=\"Noemi Zarbo\" \/>\n<meta name=\"twitter:card\" content=\"summary_large_image\" \/>\n<meta name=\"twitter:label1\" content=\"\u00c9crit par\" \/>\n\t<meta name=\"twitter:data1\" content=\"Noemi Zarbo\" \/>\n\t<meta name=\"twitter:label2\" content=\"Dur\u00e9e de lecture estim\u00e9e\" \/>\n\t<meta name=\"twitter:data2\" content=\"4 minutes\" \/>\n<script type=\"application\/ld+json\" class=\"yoast-schema-graph\">{\"@context\":\"https:\\\/\\\/schema.org\",\"@graph\":[{\"@type\":\"Article\",\"@id\":\"https:\\\/\\\/espace-chirurgie.ch\\\/fr\\\/blog\\\/evaluation-psychologique-desormais-disponible-a-espace-metabolique\\\/#article\",\"isPartOf\":{\"@id\":\"https:\\\/\\\/espace-chirurgie.ch\\\/fr\\\/blog\\\/evaluation-psychologique-desormais-disponible-a-espace-metabolique\\\/\"},\"author\":{\"name\":\"Noemi Zarbo\",\"@id\":\"https:\\\/\\\/espace-chirurgie.ch\\\/fr\\\/#\\\/schema\\\/person\\\/057c3200e84b169892a6945bb235b4ab\"},\"headline\":\"\u00c9valuation psychologique d\u00e9sormais disponible \u00e0 Espace M\u00e9tabolique\",\"datePublished\":\"2026-09-01T08:00:57+00:00\",\"mainEntityOfPage\":{\"@id\":\"https:\\\/\\\/espace-chirurgie.ch\\\/fr\\\/blog\\\/evaluation-psychologique-desormais-disponible-a-espace-metabolique\\\/\"},\"wordCount\":627,\"publisher\":{\"@id\":\"https:\\\/\\\/espace-chirurgie.ch\\\/fr\\\/#organization\"},\"image\":{\"@id\":\"https:\\\/\\\/espace-chirurgie.ch\\\/fr\\\/blog\\\/evaluation-psychologique-desormais-disponible-a-espace-metabolique\\\/#primaryimage\"},\"thumbnailUrl\":\"https:\\\/\\\/espace-chirurgie.ch\\\/wp-content\\\/uploads\\\/2026\\\/08\\\/Madison-Graells-3-Webseite.png\",\"inLanguage\":\"fr-FR\"},{\"@type\":\"WebPage\",\"@id\":\"https:\\\/\\\/espace-chirurgie.ch\\\/fr\\\/blog\\\/evaluation-psychologique-desormais-disponible-a-espace-metabolique\\\/\",\"url\":\"https:\\\/\\\/espace-chirurgie.ch\\\/fr\\\/blog\\\/evaluation-psychologique-desormais-disponible-a-espace-metabolique\\\/\",\"name\":\"\u00c9valuation psychologique d\u00e9sormais disponible \u00e0 Espace M\u00e9tabolique &#8211; Espace Chirurgie\",\"isPartOf\":{\"@id\":\"https:\\\/\\\/espace-chirurgie.ch\\\/fr\\\/#website\"},\"primaryImageOfPage\":{\"@id\":\"https:\\\/\\\/espace-chirurgie.ch\\\/fr\\\/blog\\\/evaluation-psychologique-desormais-disponible-a-espace-metabolique\\\/#primaryimage\"},\"image\":{\"@id\":\"https:\\\/\\\/espace-chirurgie.ch\\\/fr\\\/blog\\\/evaluation-psychologique-desormais-disponible-a-espace-metabolique\\\/#primaryimage\"},\"thumbnailUrl\":\"https:\\\/\\\/espace-chirurgie.ch\\\/wp-content\\\/uploads\\\/2026\\\/08\\\/Madison-Graells-3-Webseite.png\",\"datePublished\":\"2026-09-01T08:00:57+00:00\",\"breadcrumb\":{\"@id\":\"https:\\\/\\\/espace-chirurgie.ch\\\/fr\\\/blog\\\/evaluation-psychologique-desormais-disponible-a-espace-metabolique\\\/#breadcrumb\"},\"inLanguage\":\"fr-FR\",\"potentialAction\":[{\"@type\":\"ReadAction\",\"target\":[\"https:\\\/\\\/espace-chirurgie.ch\\\/fr\\\/blog\\\/evaluation-psychologique-desormais-disponible-a-espace-metabolique\\\/\"]}]},{\"@type\":\"ImageObject\",\"inLanguage\":\"fr-FR\",\"@id\":\"https:\\\/\\\/espace-chirurgie.ch\\\/fr\\\/blog\\\/evaluation-psychologique-desormais-disponible-a-espace-metabolique\\\/#primaryimage\",\"url\":\"https:\\\/\\\/espace-chirurgie.ch\\\/wp-content\\\/uploads\\\/2026\\\/08\\\/Madison-Graells-3-Webseite.png\",\"contentUrl\":\"https:\\\/\\\/espace-chirurgie.ch\\\/wp-content\\\/uploads\\\/2026\\\/08\\\/Madison-Graells-3-Webseite.png\",\"width\":1350,\"height\":915,\"caption\":\"Madison Graells, Espace M\u00e9tabolique\"},{\"@type\":\"BreadcrumbList\",\"@id\":\"https:\\\/\\\/espace-chirurgie.ch\\\/fr\\\/blog\\\/evaluation-psychologique-desormais-disponible-a-espace-metabolique\\\/#breadcrumb\",\"itemListElement\":[{\"@type\":\"ListItem\",\"position\":1,\"name\":\"Startseite\",\"item\":\"https:\\\/\\\/espace-chirurgie.ch\\\/fr\\\/\"},{\"@type\":\"ListItem\",\"position\":2,\"name\":\"\u00c9valuation psychologique d\u00e9sormais disponible \u00e0 Espace M\u00e9tabolique\"}]},{\"@type\":\"WebSite\",\"@id\":\"https:\\\/\\\/espace-chirurgie.ch\\\/fr\\\/#website\",\"url\":\"https:\\\/\\\/espace-chirurgie.ch\\\/fr\\\/\",\"name\":\"Espace Chirurgie\",\"description\":\"Zentrum mit modernster und qualitativ hochwertiger chirurgischer Behandlung.\",\"publisher\":{\"@id\":\"https:\\\/\\\/espace-chirurgie.ch\\\/fr\\\/#organization\"},\"potentialAction\":[{\"@type\":\"SearchAction\",\"target\":{\"@type\":\"EntryPoint\",\"urlTemplate\":\"https:\\\/\\\/espace-chirurgie.ch\\\/fr\\\/?s={search_term_string}\"},\"query-input\":{\"@type\":\"PropertyValueSpecification\",\"valueRequired\":true,\"valueName\":\"search_term_string\"}}],\"inLanguage\":\"fr-FR\"},{\"@type\":\"Organization\",\"@id\":\"https:\\\/\\\/espace-chirurgie.ch\\\/fr\\\/#organization\",\"name\":\"Espace Chirurgie\",\"url\":\"https:\\\/\\\/espace-chirurgie.ch\\\/fr\\\/\",\"logo\":{\"@type\":\"ImageObject\",\"inLanguage\":\"fr-FR\",\"@id\":\"https:\\\/\\\/espace-chirurgie.ch\\\/fr\\\/#\\\/schema\\\/logo\\\/image\\\/\",\"url\":\"https:\\\/\\\/espace-chirurgie.ch\\\/wp-content\\\/uploads\\\/2019\\\/06\\\/espace-chirurgie-logo.svg\",\"contentUrl\":\"https:\\\/\\\/espace-chirurgie.ch\\\/wp-content\\\/uploads\\\/2019\\\/06\\\/espace-chirurgie-logo.svg\",\"width\":403,\"height\":86,\"caption\":\"Espace Chirurgie\"},\"image\":{\"@id\":\"https:\\\/\\\/espace-chirurgie.ch\\\/fr\\\/#\\\/schema\\\/logo\\\/image\\\/\"},\"sameAs\":[\"https:\\\/\\\/www.facebook.com\\\/espacechirurgie\",\"https:\\\/\\\/www.linkedin.com\\\/company\\\/espace-chirurgie\\\/\"]},{\"@type\":\"Person\",\"@id\":\"https:\\\/\\\/espace-chirurgie.ch\\\/fr\\\/#\\\/schema\\\/person\\\/057c3200e84b169892a6945bb235b4ab\",\"name\":\"Noemi Zarbo\",\"image\":{\"@type\":\"ImageObject\",\"inLanguage\":\"fr-FR\",\"@id\":\"https:\\\/\\\/secure.gravatar.com\\\/avatar\\\/d28ecc826389cc871b21725db7d4100ba8ddb28cc4c645ce9ee4bb8026cfce6e?s=96&d=mm&r=g\",\"url\":\"https:\\\/\\\/secure.gravatar.com\\\/avatar\\\/d28ecc826389cc871b21725db7d4100ba8ddb28cc4c645ce9ee4bb8026cfce6e?s=96&d=mm&r=g\",\"contentUrl\":\"https:\\\/\\\/secure.gravatar.com\\\/avatar\\\/d28ecc826389cc871b21725db7d4100ba8ddb28cc4c645ce9ee4bb8026cfce6e?s=96&d=mm&r=g\",\"caption\":\"Noemi Zarbo\"},\"url\":\"https:\\\/\\\/espace-chirurgie.ch\\\/fr\\\/blog\\\/author\\\/noemi-zarbo\\\/\"}]}<\/script>\n<!-- \/ Yoast SEO plugin. -->","yoast_head_json":{"title":"\u00c9valuation psychologique d\u00e9sormais disponible \u00e0 Espace M\u00e9tabolique &#8211; Espace Chirurgie","robots":{"index":"index","follow":"follow","max-snippet":"max-snippet:-1","max-image-preview":"max-image-preview:large","max-video-preview":"max-video-preview:-1"},"canonical":"https:\/\/espace-chirurgie.ch\/fr\/blog\/evaluation-psychologique-desormais-disponible-a-espace-metabolique\/","og_locale":"fr_FR","og_type":"article","og_title":"\u00c9valuation psychologique d\u00e9sormais disponible \u00e0 Espace M\u00e9tabolique &#8211; Espace Chirurgie","og_description":"Notre \u00e9quipe s\u2019agrandit et nous proposons d\u00e9sormais des \u00e9valuations psychologiques en vue d\u2019une chirurgie bariatrique....","og_url":"https:\/\/espace-chirurgie.ch\/fr\/blog\/evaluation-psychologique-desormais-disponible-a-espace-metabolique\/","og_site_name":"Espace Chirurgie","article_publisher":"https:\/\/www.facebook.com\/espacechirurgie","article_published_time":"2026-09-01T08:00:57+00:00","og_image":[{"width":1350,"height":915,"url":"https:\/\/espace-chirurgie.ch\/wp-content\/uploads\/2026\/08\/Madison-Graells-3-Webseite.png","type":"image\/png"}],"author":"Noemi Zarbo","twitter_card":"summary_large_image","twitter_misc":{"\u00c9crit par":"Noemi Zarbo","Dur\u00e9e de lecture estim\u00e9e":"4 minutes"},"schema":{"@context":"https:\/\/schema.org","@graph":[{"@type":"Article","@id":"https:\/\/espace-chirurgie.ch\/fr\/blog\/evaluation-psychologique-desormais-disponible-a-espace-metabolique\/#article","isPartOf":{"@id":"https:\/\/espace-chirurgie.ch\/fr\/blog\/evaluation-psychologique-desormais-disponible-a-espace-metabolique\/"},"author":{"name":"Noemi Zarbo","@id":"https:\/\/espace-chirurgie.ch\/fr\/#\/schema\/person\/057c3200e84b169892a6945bb235b4ab"},"headline":"\u00c9valuation psychologique d\u00e9sormais disponible \u00e0 Espace M\u00e9tabolique","datePublished":"2026-09-01T08:00:57+00:00","mainEntityOfPage":{"@id":"https:\/\/espace-chirurgie.ch\/fr\/blog\/evaluation-psychologique-desormais-disponible-a-espace-metabolique\/"},"wordCount":627,"publisher":{"@id":"https:\/\/espace-chirurgie.ch\/fr\/#organization"},"image":{"@id":"https:\/\/espace-chirurgie.ch\/fr\/blog\/evaluation-psychologique-desormais-disponible-a-espace-metabolique\/#primaryimage"},"thumbnailUrl":"https:\/\/espace-chirurgie.ch\/wp-content\/uploads\/2026\/08\/Madison-Graells-3-Webseite.png","inLanguage":"fr-FR"},{"@type":"WebPage","@id":"https:\/\/espace-chirurgie.ch\/fr\/blog\/evaluation-psychologique-desormais-disponible-a-espace-metabolique\/","url":"https:\/\/espace-chirurgie.ch\/fr\/blog\/evaluation-psychologique-desormais-disponible-a-espace-metabolique\/","name":"\u00c9valuation psychologique d\u00e9sormais disponible \u00e0 Espace M\u00e9tabolique &#8211; Espace Chirurgie","isPartOf":{"@id":"https:\/\/espace-chirurgie.ch\/fr\/#website"},"primaryImageOfPage":{"@id":"https:\/\/espace-chirurgie.ch\/fr\/blog\/evaluation-psychologique-desormais-disponible-a-espace-metabolique\/#primaryimage"},"image":{"@id":"https:\/\/espace-chirurgie.ch\/fr\/blog\/evaluation-psychologique-desormais-disponible-a-espace-metabolique\/#primaryimage"},"thumbnailUrl":"https:\/\/espace-chirurgie.ch\/wp-content\/uploads\/2026\/08\/Madison-Graells-3-Webseite.png","datePublished":"2026-09-01T08:00:57+00:00","breadcrumb":{"@id":"https:\/\/espace-chirurgie.ch\/fr\/blog\/evaluation-psychologique-desormais-disponible-a-espace-metabolique\/#breadcrumb"},"inLanguage":"fr-FR","potentialAction":[{"@type":"ReadAction","target":["https:\/\/espace-chirurgie.ch\/fr\/blog\/evaluation-psychologique-desormais-disponible-a-espace-metabolique\/"]}]},{"@type":"ImageObject","inLanguage":"fr-FR","@id":"https:\/\/espace-chirurgie.ch\/fr\/blog\/evaluation-psychologique-desormais-disponible-a-espace-metabolique\/#primaryimage","url":"https:\/\/espace-chirurgie.ch\/wp-content\/uploads\/2026\/08\/Madison-Graells-3-Webseite.png","contentUrl":"https:\/\/espace-chirurgie.ch\/wp-content\/uploads\/2026\/08\/Madison-Graells-3-Webseite.png","width":1350,"height":915,"caption":"Madison Graells, Espace M\u00e9tabolique"},{"@type":"BreadcrumbList","@id":"https:\/\/espace-chirurgie.ch\/fr\/blog\/evaluation-psychologique-desormais-disponible-a-espace-metabolique\/#breadcrumb","itemListElement":[{"@type":"ListItem","position":1,"name":"Startseite","item":"https:\/\/espace-chirurgie.ch\/fr\/"},{"@type":"ListItem","position":2,"name":"\u00c9valuation psychologique d\u00e9sormais disponible \u00e0 Espace M\u00e9tabolique"}]},{"@type":"WebSite","@id":"https:\/\/espace-chirurgie.ch\/fr\/#website","url":"https:\/\/espace-chirurgie.ch\/fr\/","name":"Espace Chirurgie","description":"Zentrum mit modernster und qualitativ hochwertiger chirurgischer Behandlung.","publisher":{"@id":"https:\/\/espace-chirurgie.ch\/fr\/#organization"},"potentialAction":[{"@type":"SearchAction","target":{"@type":"EntryPoint","urlTemplate":"https:\/\/espace-chirurgie.ch\/fr\/?s={search_term_string}"},"query-input":{"@type":"PropertyValueSpecification","valueRequired":true,"valueName":"search_term_string"}}],"inLanguage":"fr-FR"},{"@type":"Organization","@id":"https:\/\/espace-chirurgie.ch\/fr\/#organization","name":"Espace Chirurgie","url":"https:\/\/espace-chirurgie.ch\/fr\/","logo":{"@type":"ImageObject","inLanguage":"fr-FR","@id":"https:\/\/espace-chirurgie.ch\/fr\/#\/schema\/logo\/image\/","url":"https:\/\/espace-chirurgie.ch\/wp-content\/uploads\/2019\/06\/espace-chirurgie-logo.svg","contentUrl":"https:\/\/espace-chirurgie.ch\/wp-content\/uploads\/2019\/06\/espace-chirurgie-logo.svg","width":403,"height":86,"caption":"Espace Chirurgie"},"image":{"@id":"https:\/\/espace-chirurgie.ch\/fr\/#\/schema\/logo\/image\/"},"sameAs":["https:\/\/www.facebook.com\/espacechirurgie","https:\/\/www.linkedin.com\/company\/espace-chirurgie\/"]},{"@type":"Person","@id":"https:\/\/espace-chirurgie.ch\/fr\/#\/schema\/person\/057c3200e84b169892a6945bb235b4ab","name":"Noemi Zarbo","image":{"@type":"ImageObject","inLanguage":"fr-FR","@id":"https:\/\/secure.gravatar.com\/avatar\/d28ecc826389cc871b21725db7d4100ba8ddb28cc4c645ce9ee4bb8026cfce6e?s=96&d=mm&r=g","url":"https:\/\/secure.gravatar.com\/avatar\/d28ecc826389cc871b21725db7d4100ba8ddb28cc4c645ce9ee4bb8026cfce6e?s=96&d=mm&r=g","contentUrl":"https:\/\/secure.gravatar.com\/avatar\/d28ecc826389cc871b21725db7d4100ba8ddb28cc4c645ce9ee4bb8026cfce6e?s=96&d=mm&r=g","caption":"Noemi Zarbo"},"url":"https:\/\/espace-chirurgie.ch\/fr\/blog\/author\/noemi-zarbo\/"}]}},"_links":{"self":[{"href":"https:\/\/espace-chirurgie.ch\/fr\/wp-json\/wp\/v2\/posts\/6988","targetHints":{"allow":["GET"]}}],"collection":[{"href":"https:\/\/espace-chirurgie.ch\/fr\/wp-json\/wp\/v2\/posts"}],"about":[{"href":"https:\/\/espace-chirurgie.ch\/fr\/wp-json\/wp\/v2\/types\/post"}],"author":[{"embeddable":true,"href":"https:\/\/espace-chirurgie.ch\/fr\/wp-json\/wp\/v2\/users\/15"}],"replies":[{"embeddable":true,"href":"https:\/\/espace-chirurgie.ch\/fr\/wp-json\/wp\/v2\/comments?post=6988"}],"version-history":[{"count":12,"href":"https:\/\/espace-chirurgie.ch\/fr\/wp-json\/wp\/v2\/posts\/6988\/revisions"}],"predecessor-version":[{"id":7130,"href":"https:\/\/espace-chirurgie.ch\/fr\/wp-json\/wp\/v2\/posts\/6988\/revisions\/7130"}],"wp:featuredmedia":[{"embeddable":true,"href":"https:\/\/espace-chirurgie.ch\/fr\/wp-json\/wp\/v2\/media\/6991"}],"wp:attachment":[{"href":"https:\/\/espace-chirurgie.ch\/fr\/wp-json\/wp\/v2\/media?parent=6988"}],"curies":[{"name":"wp","href":"https:\/\/api.w.org\/{rel}","templated":true}]}}